{"id":120516,"date":"2017-09-05T16:31:33","date_gmt":"2017-09-05T19:31:33","guid":{"rendered":"https:\/\/www.redenoticia.com.br\/noticia\/?p=120516"},"modified":"2017-09-05T16:11:40","modified_gmt":"2017-09-05T19:11:40","slug":"resumo-novela-um-caminho-para-o-destino-0609-carlos-se-declara-para-fernanda","status":"publish","type":"post","link":"https:\/\/migracao.redenoticia.com.br\/noticia\/2017\/resumo-novela-um-caminho-para-o-destino-0609-carlos-se-declara-para-fernanda\/120516","title":{"rendered":"Resumo novela \u201cUm Caminho Para o Destino\u201d 06\/09: Carlos se declara para Fernanda"},"content":{"rendered":"<p> <img loading=\"lazy\" decoding=\"async\" class=\"alignleft size-thumbnail wp-image-119749\" src=\"https:\/\/migracao.redenoticia.com.br\/noticia\/imagens\/um_caminho_destino_novela_sbt_resumo-150x112.jpg\" alt=\"\" width=\"150\" height=\"112\" srcset=\"https:\/\/migracao.redenoticia.com.br\/noticia\/imagens\/um_caminho_destino_novela_sbt_resumo-150x112.jpg 150w, https:\/\/migracao.redenoticia.com.br\/noticia\/imagens\/um_caminho_destino_novela_sbt_resumo-265x198.jpg 265w\" sizes=\"auto, (max-width: 150px) 100vw, 150px\" \/><strong><em>Resumo novela \u201cUm Caminho Para o Destino\u201d 06\/09<\/em><\/strong>: no cap\u00edtulo 008(*) da novela \u201cUm Caminho Para o Destino\u201d, resumo de quarta-feira, 06 de setembro, Fernanda conta para a madre que lhe devolveram o violino todo destru\u00eddo e n\u00e3o se pode fazer nada, pois est\u00e1 fora da jurisdi\u00e7\u00e3o do col\u00e9gio. Am\u00e9lia diz a Pedro que embora tenha criado Fernanda ela \u00e9 filha de Luiz Monteiro. Pedro n\u00e3o consegue entender a atitude de Am\u00e9lia, que deixa claro que se o aceitou foi por falta de op\u00e7\u00e3o. Carlos se declara para Fernanda e a beija. <\/p>\n<p>Felipe convida Fernanda para sair. Ela n\u00e3o aceita, mas ele planeja algo para que ela e Carlos n\u00e3o fiquem juntos. Ele convence Camila de que Carlos est\u00e1 interessado nela e pede que conven\u00e7a Fernanda para que saiam os quatro. Pedro pede ajuda a Camila para comprar um violino para Fernanda. Isabela diz a Marisa que sua inseguran\u00e7a em rela\u00e7\u00e3o a Carlos \u00e9 por causa da diferen\u00e7a de idade entre eles. <\/p>\n<p>Fernanda se surpreende quando Camila conta que Carlos a convidou para sair por que est\u00e1 apaixonado por ela. Ela pede que a acompanhe e fa\u00e7a companhia para Felipe. Fernanda se decepciona e pensa que Carlos mentiu para ela. Mariana descobre que Luiz n\u00e3o \u00e9 o pai de Carlos. Fernanda fica feliz quando Pedro a presenteia com um violino. Am\u00e9lia pensa em visitar seu pai, mas sem Pedro. Ela telefona para a fazenda e fala com Branca, mas a conversa \u00e9 interrompida pela chegada de Fernanda, a quem volta a tratar mal. Carlos aceita o convite para sair, mas s\u00f3 para encontrar Fernanda.<\/p>\n<p>(*) edi\u00e7\u00e3o do SBT, Novela \u201cUm Caminho Para o Destino\u201d, sujeito a altera\u00e7\u00e3o de data e conte\u00fado.<\/p>\n<p>Na fazenda da fam\u00edlia Altamirano vive Don Fernando, um vi\u00favo e pai de duas jovens: Amelia, a mais nova e sua consentida, e Mariana, a filha mais velha. Com eles tamb\u00e9m vivem Blanca, que cuida das filhas de Don Fernando desde o falecimento da m\u00e3e delas no parto de Amelia, e Pedro P\u00e9rez, o jardineiro da fazenda, que \u00e9 apaixonado por Amelia. Por\u00e9m Amelia \u00e9 apaixonada por Luis Montero, um estudante de direito cheio de ambi\u00e7\u00f5es. Amelia acaba se entregando a Luis e acaba engravidando. Ao saber da gravidez, Luis despreza Amelia e se casa com Marissa, uma rica vi\u00fava milion\u00e1ria e m\u00e3e de Carlos. Don Fernando, ao saber da gravidez de Amelia, acredita que o filho \u00e9 de Pedro e os expulsa da fazenda. Um tempo depois, Amelia e Pedro se casam e ele assume a paternidade da crian\u00e7a que ao nascer, \u00e9 batizada de Luisa Fernanda. 18 anos depois Luisa Fernanda \u00e9 uma linda mo\u00e7a que tem duas paix\u00f5es na vida: tocar violino e plantar, h\u00e1bitos que aprendeu com seu pai Pedro. Um certo dia, Luis, seu pai biol\u00f3gico, a atropela e a leva para o hospital onde trabalha seu enteado Carlos. A partir desse momento, nasce um amor entre eles. Carlos \u00e9 namorado de Isabela, ex-miss universo e uma solicitada modelo, mas termina com ela ao se apaixonar por Fernanda.<\/p>\n","protected":false},"excerpt":{"rendered":"<p>Resumo novela \u201cUm Caminho Para o Destino\u201d 06\/09: no cap\u00edtulo 008(*) da novela \u201cUm Caminho Para o Destino\u201d, resumo de quarta-feira, 06 de setembro, Fernanda conta para a madre que lhe devolveram o violino todo destru\u00eddo e n\u00e3o se pode fazer nada, pois est\u00e1 fora da jurisdi\u00e7\u00e3o do col\u00e9gio. Am\u00e9lia diz a Pedro que embora [&hellip;]<\/p>\n","protected":false},"author":2,"featured_media":119749,"comment_status":"open","ping_status":"closed","sticky":false,"template":"","format":"standard","meta":{"tdm_status":"","tdm_grid_status":"","footnotes":""},"categories":[379,372,343],"tags":[441],"class_list":{"0":"post-120516","1":"post","2":"type-post","3":"status-publish","4":"format-standard","5":"has-post-thumbnail","7":"category-novelas","8":"category-sbt","9":"category-televisao","10":"tag-resumo-do-dia"},"_links":{"self":[{"href":"https:\/\/migracao.redenoticia.com.br\/noticia\/wp-json\/wp\/v2\/posts\/120516","targetHints":{"allow":["GET"]}}],"collection":[{"href":"https:\/\/migracao.redenoticia.com.br\/noticia\/wp-json\/wp\/v2\/posts"}],"about":[{"href":"https:\/\/migracao.redenoticia.com.br\/noticia\/wp-json\/wp\/v2\/types\/post"}],"author":[{"embeddable":true,"href":"https:\/\/migracao.redenoticia.com.br\/noticia\/wp-json\/wp\/v2\/users\/2"}],"replies":[{"embeddable":true,"href":"https:\/\/migracao.redenoticia.com.br\/noticia\/wp-json\/wp\/v2\/comments?post=120516"}],"version-history":[{"count":0,"href":"https:\/\/migracao.redenoticia.com.br\/noticia\/wp-json\/wp\/v2\/posts\/120516\/revisions"}],"wp:featuredmedia":[{"embeddable":true,"href":"https:\/\/migracao.redenoticia.com.br\/noticia\/wp-json\/wp\/v2\/media\/119749"}],"wp:attachment":[{"href":"https:\/\/migracao.redenoticia.com.br\/noticia\/wp-json\/wp\/v2\/media?parent=120516"}],"wp:term":[{"taxonomy":"category","embeddable":true,"href":"https:\/\/migracao.redenoticia.com.br\/noticia\/wp-json\/wp\/v2\/categories?post=120516"},{"taxonomy":"post_tag","embeddable":true,"href":"https:\/\/migracao.redenoticia.com.br\/noticia\/wp-json\/wp\/v2\/tags?post=120516"}],"curies":[{"name":"wp","href":"https:\/\/api.w.org\/{rel}","templated":true}]}}