{"id":120518,"date":"2017-09-05T16:32:50","date_gmt":"2017-09-05T19:32:50","guid":{"rendered":"https:\/\/www.redenoticia.com.br\/noticia\/?p=120518"},"modified":"2017-09-05T16:16:56","modified_gmt":"2017-09-05T19:16:56","slug":"resumo-novela-o-que-a-vida-me-roubou-0609-graziela-atira-se-em-uma-ravina","status":"publish","type":"post","link":"https:\/\/migracao.redenoticia.com.br\/noticia\/2017\/resumo-novela-o-que-a-vida-me-roubou-0609-graziela-atira-se-em-uma-ravina\/120518","title":{"rendered":"Resumo novela \u201cO Que A Vida Me Roubou\u201d 06\/09: Graziela atira-se em uma ravina"},"content":{"rendered":"<p> <img loading=\"lazy\" decoding=\"async\" src=\"https:\/\/migracao.redenoticia.com.br\/noticia\/imagens\/o-que-a-vida-me-roubou-novela-resumo-sbt-150x112.jpg\" alt=\"\" width=\"150\" height=\"112\" class=\"alignleft size-thumbnail wp-image-105656\" srcset=\"https:\/\/migracao.redenoticia.com.br\/noticia\/imagens\/o-que-a-vida-me-roubou-novela-resumo-sbt-150x112.jpg 150w, https:\/\/migracao.redenoticia.com.br\/noticia\/imagens\/o-que-a-vida-me-roubou-novela-resumo-sbt-265x198.jpg 265w\" sizes=\"auto, (max-width: 150px) 100vw, 150px\" \/><strong><em>Resumo novela \u201cO Que A Vida Me Roubou\u201d 06\/09<\/em><\/strong>: no cap\u00edtulo 158(*) da novela \u201cO Que A Vida Me Roubou\u201d, resumo de quarta-feira, 06 de setembro, Montserrat fica chocada ao descobrir que sua m\u00e3e n\u00e3o est\u00e1 doente, que entregou seus filhos para Pedro Medina e matou V\u00edtor para que n\u00e3o a denunciasse. Josefina diz a Graziela que V\u00edtor acabou por morrer na opera\u00e7\u00e3o. <\/p>\n<p>Demetrio e Montserrat confrontam a m\u00e3e pedem-lhe que conte a verdade. Dem\u00e9trio, indignado, tira a m\u00e3e da cadeira de rodas e ordena que se levante. Ela continua fingindo que n\u00e3o pode andar e Montserrat pergunta como fez para abrir a porta para Pedro e entregar Vit\u00f3ria e seus filhos. Ros\u00e1rio pergunta se \u00e9 verdade que ela e Pedro s\u00e3o c\u00famplices. <\/p>\n<p>Dem\u00e9trio quer saber quanto Graziela recebeu de Pedro para lhe entregar as crian\u00e7as e Montserrat pede que ela diga onde Pedro est\u00e1 escondido. Graziela responde que Pedro telefonou para dizer que entregar\u00e1 Vit\u00f3ria em troca de seu filho. Demetrio diz a Graziela que ela \u00e9 acusada de rapto e tentativa de homic\u00eddio e ela acaba por se levantar da cadeira de rodas. Graziela pede perd\u00e3o por tudo o que fez e atira-se para uma ravina.<\/p>\n<p>(*) edi\u00e7\u00e3o do SBT, Novela \u201cO Que A Vida Me Roubou\u201d, sujeito a altera\u00e7\u00e3o de data e conte\u00fado.<\/p>\n<p>Lo que la vida me rob\u00f3 (no Brasil, O Que a Vida Me Roubou) \u00e9 uma telenovela mexicana produzida por Angelli Nesma Medina para Televisa e exibida pelo Canal de las Estrellas entre 28 de outubro de 2013 e 27 de julho de 2014 em 196 cap\u00edtulos, substituindo La tempestad e sendo substitu\u00edda por Hasta el fin del mundo. A original \u00e9 de Caridad Bravo Adams, sendo esta um remake modernizado das novelas Bodas de odio e Amor real, produzidas em 1983 e 2003, respectivamente. Tem Angelique Boyer, Sebasti\u00e1n Rulli, Luis Roberto Guzm\u00e1n, Daniela Castro, Grettell Vald\u00e9z, Sergio Sendel e Lisset nos papeis principais.<\/p>\n","protected":false},"excerpt":{"rendered":"<p>Resumo novela \u201cO Que A Vida Me Roubou\u201d 06\/09: no cap\u00edtulo 158(*) da novela \u201cO Que A Vida Me Roubou\u201d, resumo de quarta-feira, 06 de setembro, Montserrat fica chocada ao descobrir que sua m\u00e3e n\u00e3o est\u00e1 doente, que entregou seus filhos para Pedro Medina e matou V\u00edtor para que n\u00e3o a denunciasse. Josefina diz a [&hellip;]<\/p>\n","protected":false},"author":2,"featured_media":105656,"comment_status":"open","ping_status":"closed","sticky":false,"template":"","format":"standard","meta":{"tdm_status":"","tdm_grid_status":"","footnotes":""},"categories":[379,372,343],"tags":[441],"class_list":{"0":"post-120518","1":"post","2":"type-post","3":"status-publish","4":"format-standard","5":"has-post-thumbnail","7":"category-novelas","8":"category-sbt","9":"category-televisao","10":"tag-resumo-do-dia"},"_links":{"self":[{"href":"https:\/\/migracao.redenoticia.com.br\/noticia\/wp-json\/wp\/v2\/posts\/120518","targetHints":{"allow":["GET"]}}],"collection":[{"href":"https:\/\/migracao.redenoticia.com.br\/noticia\/wp-json\/wp\/v2\/posts"}],"about":[{"href":"https:\/\/migracao.redenoticia.com.br\/noticia\/wp-json\/wp\/v2\/types\/post"}],"author":[{"embeddable":true,"href":"https:\/\/migracao.redenoticia.com.br\/noticia\/wp-json\/wp\/v2\/users\/2"}],"replies":[{"embeddable":true,"href":"https:\/\/migracao.redenoticia.com.br\/noticia\/wp-json\/wp\/v2\/comments?post=120518"}],"version-history":[{"count":0,"href":"https:\/\/migracao.redenoticia.com.br\/noticia\/wp-json\/wp\/v2\/posts\/120518\/revisions"}],"wp:featuredmedia":[{"embeddable":true,"href":"https:\/\/migracao.redenoticia.com.br\/noticia\/wp-json\/wp\/v2\/media\/105656"}],"wp:attachment":[{"href":"https:\/\/migracao.redenoticia.com.br\/noticia\/wp-json\/wp\/v2\/media?parent=120518"}],"wp:term":[{"taxonomy":"category","embeddable":true,"href":"https:\/\/migracao.redenoticia.com.br\/noticia\/wp-json\/wp\/v2\/categories?post=120518"},{"taxonomy":"post_tag","embeddable":true,"href":"https:\/\/migracao.redenoticia.com.br\/noticia\/wp-json\/wp\/v2\/tags?post=120518"}],"curies":[{"name":"wp","href":"https:\/\/api.w.org\/{rel}","templated":true}]}}