{"id":120520,"date":"2017-09-05T16:33:23","date_gmt":"2017-09-05T19:33:23","guid":{"rendered":"https:\/\/www.redenoticia.com.br\/noticia\/?p=120520"},"modified":"2017-09-05T16:18:44","modified_gmt":"2017-09-05T19:18:44","slug":"resumo-novela-carinha-de-anjo-0609-gustavo-convida-cecilia-para-noivado","status":"publish","type":"post","link":"https:\/\/migracao.redenoticia.com.br\/noticia\/2017\/resumo-novela-carinha-de-anjo-0609-gustavo-convida-cecilia-para-noivado\/120520","title":{"rendered":"Resumo novela \u201cCarinha de Anjo\u201d 06\/09: Gustavo convida Cec\u00edlia para noivado"},"content":{"rendered":"<p> <img loading=\"lazy\" decoding=\"async\" class=\"alignleft size-thumbnail wp-image-99331\" src=\"https:\/\/migracao.redenoticia.com.br\/noticia\/imagens\/carinha_de_anjo_sbt_novela_resumo_capitulo-150x112.jpg\" alt=\"carinha_de_anjo_sbt_novela_resumo_capitulo\" width=\"150\" height=\"112\" srcset=\"https:\/\/migracao.redenoticia.com.br\/noticia\/imagens\/carinha_de_anjo_sbt_novela_resumo_capitulo-150x112.jpg 150w, https:\/\/migracao.redenoticia.com.br\/noticia\/imagens\/carinha_de_anjo_sbt_novela_resumo_capitulo-265x198.jpg 265w\" sizes=\"auto, (max-width: 150px) 100vw, 150px\" \/><strong><em>Resumo novela \u201cCarinha de Anjo\u201d 05\/09<\/em><\/strong>: no cap\u00edtulo 208(*) da novela \u201cCarinha de Anjo\u201d, resumo de quarta-feira, 06 de setembro, Ver\u00f4nica conta para Cec\u00edlia que Dulce Maria falou o tempo todo dela na piscina. Rosana e Diana gravam um v\u00eddeo para anunciar que em breve o site dos bolos de Diana vai estar no ar. A m\u00e3e de Juju garante para Diana que ir\u00e1 conversar com o doutor Andr\u00e9 para explicar que ela n\u00e3o vai poder mais trabalhar com ele. <\/p>\n<p>Gustavo telefona para Cec\u00edlia para convid\u00e1-la para o jantar de noivado na casa de Vitor. Cec\u00edlia agradece as flores que havia recebido e diz que a noite anterior foi perfeita. Ap\u00f3s desligar o telefone, Cec\u00edlia diz para ela mesma: \u201cEu preciso ter coragem. Eu preciso assumir esse amor\u201d. Dulce Maria tenta vender algumas pe\u00e7as de suas roupas no internato para ajudar a fam\u00edlia de Z\u00e9 Felipe. Luciano diz para a m\u00e3e que est\u00e1 interessado em Juju e por isso quer que convidar Zeca, para ele ficar deslocado na festa e terminar o namoro com a vlogueira. <\/p>\n<p>B\u00e1rbara e Frida descobrem sobre Dulce Maria estar vendendo roupas e decidem saber o motivo. Enquanto isso, Ver\u00f4nica fica sabendo que Cec\u00edlia ser\u00e1 madrinha ao lado de Gustavo do casamento de Estef\u00e2nia e fica enciumada. No\u00eamia vai at\u00e9 o apartamento de Fl\u00e1vio e provoca Haydee. A m\u00e3e de Fl\u00e1vio diz que descobriu que os tr\u00eas \u00faltimos homens com que a empres\u00e1ria se envolveu eram jovens e morreram. Fl\u00e1vio diz que ir\u00e1 embora para morar com Noemia e Haydee fica desesperada. Haydee chora e diz que se sente \u00f3rf\u00e3 de filhos.<\/p>\n<p>(*) edi\u00e7\u00e3o do SBT, Novela \u201cCarinha de Anjo\u201d, sujeito a altera\u00e7\u00e3o de data e conte\u00fado.<\/p>\n<p>Carinha de Anjo \u00e9 uma telenovela brasileira produzida e exibida originalmente pelo SBT desde o dia 21 de novembro de 2016, substituindo o hor\u00e1rio anteriormente ocupado por C\u00famplices de um Resgate. A telenovela \u00e9 inspirada na mexicana Carita de \u00e1ngel, que, por sua vez, \u00e9 um remake de Mundo de juguete, ambas produzidas pela Televisa e que haviam sido baseadas na trama argentina escrita por Abel Santa Cruz, Pap\u00e1 coraz\u00f3n. Esta ser\u00e1 a segunda adapta\u00e7\u00e3o brasileira da obra original argentina, visto que a Rede Tupi apresentou em 1976 a sua primeira vers\u00e3o, chamada de Papai Cora\u00e7\u00e3o. A nova vers\u00e3o \u00e9 escrita por Leonor Corr\u00eaa, com supervis\u00e3o de \u00cdris Abravanel e dire\u00e7\u00e3o geral de Ricardo Mantoanelli. A trama conta com Lorena Queiroz, Bia Arantes, Carlo Porto, Priscila Sol, Dani Gondim, Karin Hils, Eliana Guttman e Lucero nos pap\u00e9is principais.<\/p>\n","protected":false},"excerpt":{"rendered":"<p>Resumo novela \u201cCarinha de Anjo\u201d 05\/09: no cap\u00edtulo 208(*) da novela \u201cCarinha de Anjo\u201d, resumo de quarta-feira, 06 de setembro, Ver\u00f4nica conta para Cec\u00edlia que Dulce Maria falou o tempo todo dela na piscina. Rosana e Diana gravam um v\u00eddeo para anunciar que em breve o site dos bolos de Diana vai estar no ar. [&hellip;]<\/p>\n","protected":false},"author":2,"featured_media":99331,"comment_status":"open","ping_status":"closed","sticky":false,"template":"","format":"standard","meta":{"tdm_status":"","tdm_grid_status":"","footnotes":""},"categories":[452,379,372,343],"tags":[441],"class_list":{"0":"post-120520","1":"post","2":"type-post","3":"status-publish","4":"format-standard","5":"has-post-thumbnail","7":"category-carinha-de-anjo","8":"category-novelas","9":"category-sbt","10":"category-televisao","11":"tag-resumo-do-dia"},"_links":{"self":[{"href":"https:\/\/migracao.redenoticia.com.br\/noticia\/wp-json\/wp\/v2\/posts\/120520","targetHints":{"allow":["GET"]}}],"collection":[{"href":"https:\/\/migracao.redenoticia.com.br\/noticia\/wp-json\/wp\/v2\/posts"}],"about":[{"href":"https:\/\/migracao.redenoticia.com.br\/noticia\/wp-json\/wp\/v2\/types\/post"}],"author":[{"embeddable":true,"href":"https:\/\/migracao.redenoticia.com.br\/noticia\/wp-json\/wp\/v2\/users\/2"}],"replies":[{"embeddable":true,"href":"https:\/\/migracao.redenoticia.com.br\/noticia\/wp-json\/wp\/v2\/comments?post=120520"}],"version-history":[{"count":0,"href":"https:\/\/migracao.redenoticia.com.br\/noticia\/wp-json\/wp\/v2\/posts\/120520\/revisions"}],"wp:featuredmedia":[{"embeddable":true,"href":"https:\/\/migracao.redenoticia.com.br\/noticia\/wp-json\/wp\/v2\/media\/99331"}],"wp:attachment":[{"href":"https:\/\/migracao.redenoticia.com.br\/noticia\/wp-json\/wp\/v2\/media?parent=120520"}],"wp:term":[{"taxonomy":"category","embeddable":true,"href":"https:\/\/migracao.redenoticia.com.br\/noticia\/wp-json\/wp\/v2\/categories?post=120520"},{"taxonomy":"post_tag","embeddable":true,"href":"https:\/\/migracao.redenoticia.com.br\/noticia\/wp-json\/wp\/v2\/tags?post=120520"}],"curies":[{"name":"wp","href":"https:\/\/api.w.org\/{rel}","templated":true}]}}