{"id":120522,"date":"2017-09-05T16:34:01","date_gmt":"2017-09-05T19:34:01","guid":{"rendered":"https:\/\/www.redenoticia.com.br\/noticia\/?p=120522"},"modified":"2017-09-05T16:19:58","modified_gmt":"2017-09-05T19:19:58","slug":"resumo-novela-chiquititas-0609-mili-aceita-a-bolsa-de-estudos","status":"publish","type":"post","link":"https:\/\/migracao.redenoticia.com.br\/noticia\/2017\/resumo-novela-chiquititas-0609-mili-aceita-a-bolsa-de-estudos\/120522","title":{"rendered":"Resumo novela \u201cChiquititas\u201d 06\/09: Mili aceita a bolsa de estudos"},"content":{"rendered":"<p> <img loading=\"lazy\" decoding=\"async\" class=\"alignleft size-thumbnail wp-image-49690\" src=\"https:\/\/migracao.redenoticia.com.br\/noticia\/imagens\/chiquititas1-150x112.jpg\" alt=\"chiquititas\" width=\"150\" height=\"112\" \/><strong><em>Resumo novela \u201cChiquititas\u201d 06\/09<\/em><\/strong>: no cap\u00edtulo 257(*) da novela \u201cChiquititas\u201d, resumo de quarta-feira, 06 de setembro, o concurso de \u201cGarota Carisma\u201d come\u00e7a. Vivi e Cris ficam surpresas ao saber que Bia tamb\u00e9m vai participar. Chega uma das favoritas do concurso, Marian. Bia conta que Marian era \u00f3rf\u00e3 e morava no orfanato, mas foi adotada. Bia lembra ainda que a menina adorava se aparecer. <\/p>\n<p>Mili conta para JP que aceitou a bolsa de estudos. Junior diz pra Sim\u00e3o que Carol ainda est\u00e1 namorando Fernando, mas que ir\u00e1 checar se ele est\u00e1 de caso com outras mulheres. Carmen comemora com Matilde o sucesso do plano de mandar Mili para fora do Pa\u00eds. <\/p>\n<p>Os chiquititos montam uma estrat\u00e9gia para se prevenirem de ataques dos vizinhos encrenqueiros no orfanato. Os meninos tentam jogar bexiga com tinta nos vizinhos, mas erram o alvo e acertam em Carmen, que surta.<\/p>\n<p>(*) edi\u00e7\u00e3o do SBT, Novela \u201cChiquititas\u201d, sujeito a altera\u00e7\u00e3o de data e conte\u00fado.<\/p>\n<p>Chiquititas gira em torno do orfanato Raio de Luz, que carrega em sua hist\u00f3ria um grande segredo envolvendo a fam\u00edlia e o dono do orfanato, Dr. Jos\u00e9 Ricardo Almeida Campos. Em um per\u00edodo anterior \u00e0 novela, exatos treze anos, sua filha Gabriela se apaixonou e ficou gr\u00e1vida de Miguel, filho de Valentina, empregada da casa dos Almeida Campos. Pouco depois, Jos\u00e9 Ricardo sequestrou sua neta, pois, como um homem conservador, ele n\u00e3o aceitava a ideia de que sua filha se envolvesse com um empregado. Como sua neta, Milena, apelidada como Mili, precisava de um lugar para morar, ele comprou um casar\u00e3o e fundou um orfanato, o Raio de Luz. Mili cresceu l\u00e1 com outras garotas que chegaram posteriormente: Bia, Ana, as irm\u00e3s Tati e Vivi, e Cris. Ao decorrer dos anos, elas se tornam uma fam\u00edlia. Elas s\u00e3o supervisionadas por Ernestina, zeladora do orfanato, e Chico, o cozinheiro amado pelas internas. Sofia, ex-governanta da fam\u00edlia Almeida Campos, \u00e9 a diretora do lugar, at\u00e9 que Carmem, irm\u00e3 de Jos\u00e9 Ricardo, entre em seu lugar. Chegam ainda mais \u00f3rf\u00e3os: Pata, Mosca, Binho e Rafa, que viviam nas ruas antes de entrarem na institui\u00e7\u00e3o. Pata e Mili tornam-se amigas rapidamente, enquanto Mosca, Binho e Rafa s\u00e3o os primeiros garotos a entrar no abrigo. As crian\u00e7as sem-teto foram ajudadas por uma doce e bela garota que tocam e mudam a vida delas, assim como as das garotas \u00f3rf\u00e3s.<\/p>\n","protected":false},"excerpt":{"rendered":"<p>Resumo novela \u201cChiquititas\u201d 06\/09: no cap\u00edtulo 257(*) da novela \u201cChiquititas\u201d, resumo de quarta-feira, 06 de setembro, o concurso de \u201cGarota Carisma\u201d come\u00e7a. Vivi e Cris ficam surpresas ao saber que Bia tamb\u00e9m vai participar. Chega uma das favoritas do concurso, Marian. Bia conta que Marian era \u00f3rf\u00e3 e morava no orfanato, mas foi adotada. Bia [&hellip;]<\/p>\n","protected":false},"author":2,"featured_media":49690,"comment_status":"open","ping_status":"closed","sticky":false,"template":"","format":"standard","meta":{"tdm_status":"","tdm_grid_status":"","footnotes":""},"categories":[409,379,372,343],"tags":[441],"class_list":{"0":"post-120522","1":"post","2":"type-post","3":"status-publish","4":"format-standard","5":"has-post-thumbnail","7":"category-chiquititas","8":"category-novelas","9":"category-sbt","10":"category-televisao","11":"tag-resumo-do-dia"},"_links":{"self":[{"href":"https:\/\/migracao.redenoticia.com.br\/noticia\/wp-json\/wp\/v2\/posts\/120522","targetHints":{"allow":["GET"]}}],"collection":[{"href":"https:\/\/migracao.redenoticia.com.br\/noticia\/wp-json\/wp\/v2\/posts"}],"about":[{"href":"https:\/\/migracao.redenoticia.com.br\/noticia\/wp-json\/wp\/v2\/types\/post"}],"author":[{"embeddable":true,"href":"https:\/\/migracao.redenoticia.com.br\/noticia\/wp-json\/wp\/v2\/users\/2"}],"replies":[{"embeddable":true,"href":"https:\/\/migracao.redenoticia.com.br\/noticia\/wp-json\/wp\/v2\/comments?post=120522"}],"version-history":[{"count":0,"href":"https:\/\/migracao.redenoticia.com.br\/noticia\/wp-json\/wp\/v2\/posts\/120522\/revisions"}],"wp:featuredmedia":[{"embeddable":true,"href":"https:\/\/migracao.redenoticia.com.br\/noticia\/wp-json\/wp\/v2\/media\/49690"}],"wp:attachment":[{"href":"https:\/\/migracao.redenoticia.com.br\/noticia\/wp-json\/wp\/v2\/media?parent=120522"}],"wp:term":[{"taxonomy":"category","embeddable":true,"href":"https:\/\/migracao.redenoticia.com.br\/noticia\/wp-json\/wp\/v2\/categories?post=120522"},{"taxonomy":"post_tag","embeddable":true,"href":"https:\/\/migracao.redenoticia.com.br\/noticia\/wp-json\/wp\/v2\/tags?post=120522"}],"curies":[{"name":"wp","href":"https:\/\/api.w.org\/{rel}","templated":true}]}}