{"id":120528,"date":"2017-09-05T16:37:35","date_gmt":"2017-09-05T19:37:35","guid":{"rendered":"https:\/\/www.redenoticia.com.br\/noticia\/?p=120528"},"modified":"2017-09-05T16:23:48","modified_gmt":"2017-09-05T19:23:48","slug":"resumo-novela-novo-mundo-0609-pedro-declara-seu-amor-por-domitila","status":"publish","type":"post","link":"https:\/\/migracao.redenoticia.com.br\/noticia\/2017\/resumo-novela-novo-mundo-0609-pedro-declara-seu-amor-por-domitila\/120528","title":{"rendered":"Resumo novela \u201cNovo Mundo\u201d 06\/09: Pedro declara seu amor por Domitila"},"content":{"rendered":"<p> <img loading=\"lazy\" decoding=\"async\" class=\"alignleft size-thumbnail wp-image-107950\" src=\"https:\/\/migracao.redenoticia.com.br\/noticia\/imagens\/novo_mundo_novela_resumo_globo-150x112.jpg\" alt=\"\" width=\"150\" height=\"112\" srcset=\"https:\/\/migracao.redenoticia.com.br\/noticia\/imagens\/novo_mundo_novela_resumo_globo-150x112.jpg 150w, https:\/\/migracao.redenoticia.com.br\/noticia\/imagens\/novo_mundo_novela_resumo_globo-265x198.jpg 265w\" sizes=\"auto, (max-width: 150px) 100vw, 150px\" \/><strong><em>Resumo novela \u201cNovo Mundo\u201d 06\/09<\/em><\/strong>: no cap\u00edtulo 143(*) da novela \u201cNovo Mundo\u201d, resumo de quarta-feira, 06 de setembro, Leopoldina, Bonif\u00e1cio, Anna e Joaquim analisam a rela\u00e7\u00e3o entre Portugal e as prov\u00edncias do Brasil. Thomas e Sebasti\u00e3o torcem pelo retorno de Dom Pedro e Leopoldina a Portugal. Tibiri\u00e7\u00e1 aconselha Piat\u00e3 a visitar novamente a aldeia em que esteve. Dom Pedro declara seu amor por Domitila, e Chala\u00e7a fica incomodado. Hugo e Elvira se beijam. Dom Pedro consegue o apoio pol\u00edtico da prov\u00edncia de S\u00e3o Paulo. Schultz decide n\u00e3o dar o ch\u00e1 preparado por Greta para Wolfgang e percebe a melhora do patr\u00e3o. Elvira e Quinzinho conseguem atrair clientes para a taberna. Patr\u00edcio alerta Thomas sobre a reuni\u00e3o com os ministros convocada por Leopoldina. Ap\u00f3s uma vota\u00e7\u00e3o, Leopoldina declara aprovada a separa\u00e7\u00e3o do Brasil de Portugal.<\/p>\n<p>(*) edi\u00e7\u00e3o da Rede Globo, Novela \u201cNovo Mundo\u201d, sujeito a altera\u00e7\u00e3o de data e conte\u00fado.<\/p>\n<p>Novo Mundo \u00e9 uma telenovela brasileira produzida pela Rede Globo. Escrita por Thereza Falc\u00e3o e Alessandro Marson, conta com dire\u00e7\u00e3o art\u00edstica de Vin\u00edcius Coimbra. Conta com as participa\u00e7\u00f5es de Isabelle Drummond, Chay Suede, Caio Castro, Let\u00edcia Colin, Leo Jaime, D\u00e9bora Olivieri, Rodrigo Simas, Giullia Buscacio, Vivianne Pasmanter, Guilherme Piva, R\u00f4mulo Estrela, Agatha Moreira, Luisa Micheletti, Gabriel Braga Nunes, e Ingrid Guimar\u00e3es.<\/p>\n","protected":false},"excerpt":{"rendered":"<p>Resumo novela \u201cNovo Mundo\u201d 06\/09: no cap\u00edtulo 143(*) da novela \u201cNovo Mundo\u201d, resumo de quarta-feira, 06 de setembro, Leopoldina, Bonif\u00e1cio, Anna e Joaquim analisam a rela\u00e7\u00e3o entre Portugal e as prov\u00edncias do Brasil. Thomas e Sebasti\u00e3o torcem pelo retorno de Dom Pedro e Leopoldina a Portugal. Tibiri\u00e7\u00e1 aconselha Piat\u00e3 a visitar novamente a aldeia em [&hellip;]<\/p>\n","protected":false},"author":2,"featured_media":111644,"comment_status":"open","ping_status":"closed","sticky":false,"template":"","format":"standard","meta":{"tdm_status":"","tdm_grid_status":"","footnotes":""},"categories":[379,375,343],"tags":[441],"class_list":{"0":"post-120528","1":"post","2":"type-post","3":"status-publish","4":"format-standard","5":"has-post-thumbnail","7":"category-novelas","8":"category-rede-globo","9":"category-televisao","10":"tag-resumo-do-dia"},"_links":{"self":[{"href":"https:\/\/migracao.redenoticia.com.br\/noticia\/wp-json\/wp\/v2\/posts\/120528","targetHints":{"allow":["GET"]}}],"collection":[{"href":"https:\/\/migracao.redenoticia.com.br\/noticia\/wp-json\/wp\/v2\/posts"}],"about":[{"href":"https:\/\/migracao.redenoticia.com.br\/noticia\/wp-json\/wp\/v2\/types\/post"}],"author":[{"embeddable":true,"href":"https:\/\/migracao.redenoticia.com.br\/noticia\/wp-json\/wp\/v2\/users\/2"}],"replies":[{"embeddable":true,"href":"https:\/\/migracao.redenoticia.com.br\/noticia\/wp-json\/wp\/v2\/comments?post=120528"}],"version-history":[{"count":0,"href":"https:\/\/migracao.redenoticia.com.br\/noticia\/wp-json\/wp\/v2\/posts\/120528\/revisions"}],"wp:featuredmedia":[{"embeddable":true,"href":"https:\/\/migracao.redenoticia.com.br\/noticia\/wp-json\/wp\/v2\/media\/111644"}],"wp:attachment":[{"href":"https:\/\/migracao.redenoticia.com.br\/noticia\/wp-json\/wp\/v2\/media?parent=120528"}],"wp:term":[{"taxonomy":"category","embeddable":true,"href":"https:\/\/migracao.redenoticia.com.br\/noticia\/wp-json\/wp\/v2\/categories?post=120528"},{"taxonomy":"post_tag","embeddable":true,"href":"https:\/\/migracao.redenoticia.com.br\/noticia\/wp-json\/wp\/v2\/tags?post=120528"}],"curies":[{"name":"wp","href":"https:\/\/api.w.org\/{rel}","templated":true}]}}