{"id":120535,"date":"2017-09-05T16:40:38","date_gmt":"2017-09-05T19:40:38","guid":{"rendered":"https:\/\/www.redenoticia.com.br\/noticia\/?p=120535"},"modified":"2017-09-05T16:31:05","modified_gmt":"2017-09-05T19:31:05","slug":"novela-ribeirao-do-tempo-resumo-0609-nasinho-entrega-dinheiro-para-iara","status":"publish","type":"post","link":"https:\/\/migracao.redenoticia.com.br\/noticia\/2017\/novela-ribeirao-do-tempo-resumo-0609-nasinho-entrega-dinheiro-para-iara\/120535","title":{"rendered":"Novela \u201cRibeir\u00e3o do Tempo\u201d resumo 06\/09: Nasinho entrega dinheiro para Iara"},"content":{"rendered":"<p> <img loading=\"lazy\" decoding=\"async\" src=\"https:\/\/migracao.redenoticia.com.br\/noticia\/imagens\/ribeirao_do_tempo_novela_record_resumo-150x112.jpg\" alt=\"\" width=\"150\" height=\"112\" class=\"alignleft size-thumbnail wp-image-108265\" srcset=\"https:\/\/migracao.redenoticia.com.br\/noticia\/imagens\/ribeirao_do_tempo_novela_record_resumo-150x112.jpg 150w, https:\/\/migracao.redenoticia.com.br\/noticia\/imagens\/ribeirao_do_tempo_novela_record_resumo-265x198.jpg 265w\" sizes=\"auto, (max-width: 150px) 100vw, 150px\" \/><strong><em>Novela \u201cRibeir\u00e3o do Tempo\u201d resumo 06\/09<\/em><\/strong>: no capitulo 132 (*) da novela \u201cRibeir\u00e3o do Tempo\u201d, quarta-feira, 06 de setembro, Clor\u00eds e L\u00e9ia discutem para ver quem vai cuidar de Flores. O professor agradece \u00e0s duas, mas diz que prefere ficar sozinho. L\u00e9ia e Clor\u00eds sentam na sala e se encaram. Elas acabam dormindo l\u00e1 e, quando acordam, brigam mais uma vez. L\u00e9ia puxa o cabelo de Clor\u00eds, que por sua vez, d\u00e1 uma dentada no bra\u00e7o de L\u00e9ia. F\u00e1tima tenta separar as duas e pede ajuda ao professor. Preocupado, Joca diz a Sancha que L\u00e9ia n\u00e3o dormiu em casa. Sancha se lembra que L\u00e9ia disse que ia cuidar do professor e conta a Joca. Flores fala para as duas que a disputa entre elas \u00e9 um absurdo e ressalta que est\u00e1 muito decepcionado. Mateus comenta com Tito que viu Clor\u00eds saindo do debate com o professor. Nicolau manda Nasinho entregar a grana para Iara. <\/p>\n<p>Clor\u00eds chega mal-humorada \u00e0 pousada. Joca diz a L\u00e9ia que sabe que ela passou a noite na casa de Flores e deixa claro que precisa ter uma conversa s\u00e9ria com ela. Sereno conta a Flores que foi Nasinho quem deu a ideia da pergunta que causou a briga entre os candidatos. Joca revela a L\u00e9ia que quem tentou mat\u00e1-lo foi o professor Flores. L\u00e9ia ri e diz ao filho que ele perdeu o ju\u00edzo. Ela fica furiosa e afirma que n\u00e3o quer ouvir mais nada. Na primeira p\u00e1gina da Folha da Corredeira sai uma foto de Quer\u00eancio partindo para cima de Ari e uma manchete dizendo que o debate virou luta livre. <\/p>\n<p>Sancha diz a Quer\u00eancio que Ari deu boas respostas e que o debate terminou empatado. Virg\u00ednia diz a Ari que todo mundo ficou muito assustado com a viol\u00eancia. Quer\u00eancio fala para Marisa que ela \u00e9 culpada pelo que aconteceu, pois j\u00e1 deu trela para Ari Jumento. A dan\u00e7arina deixa claro que a situa\u00e7\u00e3o faz parte da vida que leva. Nasinho entrega o envelope com dinheiro para Iara e fala para ela n\u00e3o vacilar, porque o senador levantou toda a vida dela. A aventureira, por sua vez, diz que se acontecer algo com ela, o dossi\u00ea vai parar na pol\u00edcia. Nicolau pede para Chico comprar flores e entregar a Arminda. Chico entrega as flores nas m\u00e3os de Arminda, que as recebe com frieza. Assim que Chico vai embora, Arminda rasga o cart\u00e3o sem ao menos abri-lo. Iara diz a Tito que precisa fazer uma pequena viagem para tratar de um assunto relacionado \u00e0 m\u00e3e dela. Chico conta a Nicolau que Arminda n\u00e3o leu o cart\u00e3o e n\u00e3o esbo\u00e7ou felicidade ao receber as flores. Arminda liga para Nicolau, agradece pelas flores e tenta marcar um encontro com ele, mas ele diz que n\u00e3o pode. Fil\u00f3 fala para Ellen que Tito nem ligou para a mudan\u00e7a de visual dela e chora. Nicolau vai at\u00e9 a loja de Karina e diz \u00e0 patricinha que tem grandes novidades.<\/p>\n<p>(*) edi\u00e7\u00e3o da Rede Record, Novela \u201cRibeir\u00e3o do Tempo\u201d, sujeito a altera\u00e7\u00e3o de data e conte\u00fado.<\/p>\n","protected":false},"excerpt":{"rendered":"<p>Novela \u201cRibeir\u00e3o do Tempo\u201d resumo 06\/09: no capitulo 132 (*) da novela \u201cRibeir\u00e3o do Tempo\u201d, quarta-feira, 06 de setembro, Clor\u00eds e L\u00e9ia discutem para ver quem vai cuidar de Flores. O professor agradece \u00e0s duas, mas diz que prefere ficar sozinho. L\u00e9ia e Clor\u00eds sentam na sala e se encaram. Elas acabam dormindo l\u00e1 e, [&hellip;]<\/p>\n","protected":false},"author":2,"featured_media":108265,"comment_status":"open","ping_status":"closed","sticky":false,"template":"","format":"standard","meta":{"tdm_status":"","tdm_grid_status":"","footnotes":""},"categories":[379,371,343],"tags":[441],"class_list":{"0":"post-120535","1":"post","2":"type-post","3":"status-publish","4":"format-standard","5":"has-post-thumbnail","7":"category-novelas","8":"category-rede-record","9":"category-televisao","10":"tag-resumo-do-dia"},"_links":{"self":[{"href":"https:\/\/migracao.redenoticia.com.br\/noticia\/wp-json\/wp\/v2\/posts\/120535","targetHints":{"allow":["GET"]}}],"collection":[{"href":"https:\/\/migracao.redenoticia.com.br\/noticia\/wp-json\/wp\/v2\/posts"}],"about":[{"href":"https:\/\/migracao.redenoticia.com.br\/noticia\/wp-json\/wp\/v2\/types\/post"}],"author":[{"embeddable":true,"href":"https:\/\/migracao.redenoticia.com.br\/noticia\/wp-json\/wp\/v2\/users\/2"}],"replies":[{"embeddable":true,"href":"https:\/\/migracao.redenoticia.com.br\/noticia\/wp-json\/wp\/v2\/comments?post=120535"}],"version-history":[{"count":0,"href":"https:\/\/migracao.redenoticia.com.br\/noticia\/wp-json\/wp\/v2\/posts\/120535\/revisions"}],"wp:featuredmedia":[{"embeddable":true,"href":"https:\/\/migracao.redenoticia.com.br\/noticia\/wp-json\/wp\/v2\/media\/108265"}],"wp:attachment":[{"href":"https:\/\/migracao.redenoticia.com.br\/noticia\/wp-json\/wp\/v2\/media?parent=120535"}],"wp:term":[{"taxonomy":"category","embeddable":true,"href":"https:\/\/migracao.redenoticia.com.br\/noticia\/wp-json\/wp\/v2\/categories?post=120535"},{"taxonomy":"post_tag","embeddable":true,"href":"https:\/\/migracao.redenoticia.com.br\/noticia\/wp-json\/wp\/v2\/tags?post=120535"}],"curies":[{"name":"wp","href":"https:\/\/api.w.org\/{rel}","templated":true}]}}