{"id":120537,"date":"2017-09-05T16:41:23","date_gmt":"2017-09-05T19:41:23","guid":{"rendered":"https:\/\/www.redenoticia.com.br\/noticia\/?p=120537"},"modified":"2017-09-06T19:51:24","modified_gmt":"2017-09-06T22:51:24","slug":"novela-bicho-do-mato-resumo-0609-juba-beija-cecilia-no-rosto","status":"publish","type":"post","link":"https:\/\/migracao.redenoticia.com.br\/noticia\/2017\/novela-bicho-do-mato-resumo-0609-juba-beija-cecilia-no-rosto\/120537","title":{"rendered":"Novela \u201cBicho do Mato\u201d resumo 06\/09: Juba beija Cec\u00edlia no rosto"},"content":{"rendered":"<p> <img loading=\"lazy\" decoding=\"async\" class=\"alignleft size-thumbnail wp-image-119859\" src=\"https:\/\/migracao.redenoticia.com.br\/noticia\/imagens\/bicho_do_mato_novela_record_resumo-150x112.jpg\" alt=\"\" width=\"150\" height=\"112\" srcset=\"https:\/\/migracao.redenoticia.com.br\/noticia\/imagens\/bicho_do_mato_novela_record_resumo-150x112.jpg 150w, https:\/\/migracao.redenoticia.com.br\/noticia\/imagens\/bicho_do_mato_novela_record_resumo-265x198.jpg 265w\" sizes=\"auto, (max-width: 150px) 100vw, 150px\" \/><strong><em>Novela \u201cBicho do Mato\u201d resumo 06\/09<\/em><\/strong>: no capitulo 008 (*) da novela \u201cBicho do Mato\u201d, ter\u00e7a-feira, 06 de setembro, Cec\u00edlia fala para Juba que Emilio n\u00e3o pode mandar no cora\u00e7\u00e3o dela, mas Juba diz que sempre ser\u00e1 fiel ao primo. Ramalho refor\u00e7a que quer Fernando morto. Juba confessa para Francisca que acha que Cec\u00edlia gosta dele. Piau\u00ed avista um pano vermelho amarrado em uma moita. \u00c9 um sinal de Brand\u00e3o querendo falar com ele. <\/p>\n<p>Piau\u00ed fica nervoso. Brand\u00e3o encontra Piau\u00ed, oferece mais dinheiro e diz que s\u00f3 precisa de mais um favorzinho. Ramalho vai \u00e0 fazenda com a desculpa de ver como Juba est\u00e1. Ramalho volta a fazer proposta de comprar a fazenda. Fernando diz que s\u00f3 sai da fazenda morto. Brand\u00e3o diz que quer dar uma surra em Fernando para convenc\u00ea-lo a vender a fazenda e que precisa de Piau\u00ed para levar Fernando para a emboscada. Brand\u00e3o amea\u00e7a Piau\u00ed.Cec\u00edlia est\u00e1 pronta para ir embora. Yopan\u00e3 diz para Tini\u00e1 que ela deveria esquecer Juba. Juba pede para Cec\u00edlia ajud\u00e1-lo a fazer as pazes com Em\u00edlio. <\/p>\n<p>Juba beija Cec\u00edlia no rosto. Cec\u00edlia sorri e sobe no avi\u00e3o. Piau\u00ed chega na fazenda e chama Fernando para ir na trilha da cachoeira. Piau\u00ed justifica que derrubaram a cerca da trilha. Yara vai at\u00e9 a delegacia e discute com Maurinho. Brand\u00e3o confessa para Caro\u00e7o e Bexiga que vai matar Fernando. Betinha pede dinheiro emprestado para Nicolau para comprar roupas falsificadas. Cec\u00edlia chega no Rio de Janeiro e B\u00e1rbara come\u00e7a a discutir. Cec\u00edlia chega na faculdade e diz para o professor Mesquita que conseguiu o levantamento para a vacina\u00e7\u00e3o das crian\u00e7as da tribo Guapor\u00e1s. Cec\u00edlia encontra com Vanda, que diz que Betinha vai estudar na faculdade. Betinha fala com Carmem, a dona da butique sobre seu novo hor\u00e1rio de trabalho. Lili Sampaio chega na loja de Carmem. Cec\u00edlia fala de Juba para os amigos da faculdade. Gra\u00e7a, Joca e Mesquita percebem que Cec\u00edlia est\u00e1 apaixonada. Ruth chega toda falsa e abra\u00e7a Cec\u00edlia. Em\u00edlio lembra Alzira de dizer para Cec\u00edlia que o exame acusou um edema.Tini\u00e1 se diverte na cachoeira. Fernando e Piau\u00ed chegam na trilha da cachoeira. Piau\u00ed mente e diz para Fernando que achou que encontrou o esconderijo dos bandidos. Ana e Jaci chegam na trilha da cachoeira. <\/p>\n<p>Fernando e Piau\u00ed passam por Ana e Jaci. No meio do caminho, Jaci percebe que perdeu o bracelete e volta. Ana se depara com Brand\u00e3o sem capuz. Jaci percebe que Brand\u00e3o est\u00e1 vindo e se esconde. Ana diz para Jaci chamar Iru e Yopan\u00e3 enquanto ela vai tentar descobrir o esconderijo de Brand\u00e3o. Brand\u00e3o chega na trilha e encontra Fernando e Piau\u00ed. Fernando pergunta quem est\u00e1 na trilha. Brand\u00e3o, encapuzado, responde que ele \u00e9 o homem que vai mat\u00e1-lo.<\/p>\n<p>(*) edi\u00e7\u00e3o da Rede Record, Novela \u201cBicho do Mato\u201d, sujeito a altera\u00e7\u00e3o de data e conte\u00fado.<\/p>\n","protected":false},"excerpt":{"rendered":"<p>Novela \u201cBicho do Mato\u201d resumo 06\/09: no capitulo 008 (*) da novela \u201cBicho do Mato\u201d, ter\u00e7a-feira, 06 de setembro, Cec\u00edlia fala para Juba que Emilio n\u00e3o pode mandar no cora\u00e7\u00e3o dela, mas Juba diz que sempre ser\u00e1 fiel ao primo. Ramalho refor\u00e7a que quer Fernando morto. Juba confessa para Francisca que acha que Cec\u00edlia gosta [&hellip;]<\/p>\n","protected":false},"author":2,"featured_media":119859,"comment_status":"open","ping_status":"closed","sticky":false,"template":"","format":"standard","meta":{"tdm_status":"","tdm_grid_status":"","footnotes":""},"categories":[379,371,343],"tags":[441],"class_list":{"0":"post-120537","1":"post","2":"type-post","3":"status-publish","4":"format-standard","5":"has-post-thumbnail","7":"category-novelas","8":"category-rede-record","9":"category-televisao","10":"tag-resumo-do-dia"},"_links":{"self":[{"href":"https:\/\/migracao.redenoticia.com.br\/noticia\/wp-json\/wp\/v2\/posts\/120537","targetHints":{"allow":["GET"]}}],"collection":[{"href":"https:\/\/migracao.redenoticia.com.br\/noticia\/wp-json\/wp\/v2\/posts"}],"about":[{"href":"https:\/\/migracao.redenoticia.com.br\/noticia\/wp-json\/wp\/v2\/types\/post"}],"author":[{"embeddable":true,"href":"https:\/\/migracao.redenoticia.com.br\/noticia\/wp-json\/wp\/v2\/users\/2"}],"replies":[{"embeddable":true,"href":"https:\/\/migracao.redenoticia.com.br\/noticia\/wp-json\/wp\/v2\/comments?post=120537"}],"version-history":[{"count":0,"href":"https:\/\/migracao.redenoticia.com.br\/noticia\/wp-json\/wp\/v2\/posts\/120537\/revisions"}],"wp:featuredmedia":[{"embeddable":true,"href":"https:\/\/migracao.redenoticia.com.br\/noticia\/wp-json\/wp\/v2\/media\/119859"}],"wp:attachment":[{"href":"https:\/\/migracao.redenoticia.com.br\/noticia\/wp-json\/wp\/v2\/media?parent=120537"}],"wp:term":[{"taxonomy":"category","embeddable":true,"href":"https:\/\/migracao.redenoticia.com.br\/noticia\/wp-json\/wp\/v2\/categories?post=120537"},{"taxonomy":"post_tag","embeddable":true,"href":"https:\/\/migracao.redenoticia.com.br\/noticia\/wp-json\/wp\/v2\/tags?post=120537"}],"curies":[{"name":"wp","href":"https:\/\/api.w.org\/{rel}","templated":true}]}}