{"id":120541,"date":"2017-09-05T16:43:42","date_gmt":"2017-09-05T19:43:42","guid":{"rendered":"https:\/\/www.redenoticia.com.br\/noticia\/?p=120541"},"modified":"2017-09-06T20:45:29","modified_gmt":"2017-09-06T23:45:29","slug":"novela-belaventura-resumo-0609-pietra-nao-aceita-pedido-de-casamento","status":"publish","type":"post","link":"https:\/\/migracao.redenoticia.com.br\/noticia\/2017\/novela-belaventura-resumo-0609-pietra-nao-aceita-pedido-de-casamento\/120541","title":{"rendered":"Novela \u201cBelaventura\u201d resumo 06\/09: Pietra n\u00e3o aceita pedido de casamento"},"content":{"rendered":"<p> <strong><em><img loading=\"lazy\" decoding=\"async\" class=\"alignleft size-thumbnail wp-image-117590\" src=\"https:\/\/migracao.redenoticia.com.br\/noticia\/imagens\/belaventura_record_novela_resumo-150x112.jpg\" alt=\"\" width=\"150\" height=\"112\" srcset=\"https:\/\/migracao.redenoticia.com.br\/noticia\/imagens\/belaventura_record_novela_resumo-150x112.jpg 150w, https:\/\/migracao.redenoticia.com.br\/noticia\/imagens\/belaventura_record_novela_resumo-265x198.jpg 265w\" sizes=\"auto, (max-width: 150px) 100vw, 150px\" \/>Novela \u201cBelaventura\u201d resumo 06\/09<\/em><\/strong>: no capitulo 032 (*) da novela \u201cBelaventura\u201d, quarta-feira, 06 de setembro, Pietra est\u00e1 muito surpresa diante de Enrico e Otoniel. Enrico fica um pouco desconcentrado. Tiana conversa com Gregor e diz que Gonzalo agiu errado ao entrar no castelo de Valedo vestido de quadrilheiro. Joniel luta com homens na floresta e \u00e9 observado por Fasltaff. Falstaff tenta fugir mas \u00e9 alcan\u00e7ado por Joniel. Merlino chega para falar com Fasltaff e Dulcin\u00e9a diz que ele n\u00e3o est\u00e1. Merlino percebe que Dulcin\u00e9a n\u00e3o est\u00e1 bem. <\/p>\n<p>Falstaff diz a Joniel que os homens que o atacaram s\u00e3o os saqueadores que se organizam para invadir a vila. Cedric reclama com Nodier que o rei est\u00e1 deixando-o fora de todas as decis\u00f5es importantes. Pietra n\u00e3o aceita o pedido de casamento, pois ele ainda tem compromisso com outra prometida. <\/p>\n<p>Jacques avisa Brione que se seu pai n\u00e3o salvar Lizabeta, ele se voltar\u00e1 contra o pai. Pietra comenta com Elia que n\u00e3o pode se casar com Enrico. Tamar conta a P\u00e1ris que n\u00e3o est\u00e1 decidida a se casar com Enrico, pois est\u00e1 gostando de outra pessoa. <\/p>\n<p>(*) edi\u00e7\u00e3o da Rede Record, Novela \u201cBelaventura\u201d, sujeito a altera\u00e7\u00e3o de data e conte\u00fado.<\/p>\n<p>\u201cBelaventura\u201d \u00e9 uma telenovela brasileira produzida pela RecordTV em parceria com a produtora Casablanca e exibida pela emissora a partir de 25 de julho de 2017 com previs\u00e3o de 150 cap\u00edtulos, substituindo a reprise de A Escrava Isaura. A trama \u00e9 a terceira exibida no hor\u00e1rio como novela das sete desde a reabertura da faixa para telenovelas, ocupada com telejornais at\u00e9 a estreia de Escrava M\u00e3e, em 2016. Foi a 28\u00aa novela exibida pela emissora desde a retomada da dramaturgia em 2004. Escrita por Gustavo Reiz com colabora\u00e7\u00e3o de Aline Garbati, Jussara Fazolo, Mariana Vielmond e Marco Borges, tendo dire\u00e7\u00e3o geral de Ivan Zettel e dire\u00e7\u00e3o art\u00edstica de Roberto Bomtempo. \u201cBelaventura\u201d foi a terceira telenovela brasileira gravada em resolu\u00e7\u00e3o 4K (UHDTV), formato superior ao HD usada nas produ\u00e7\u00f5es at\u00e9 ent\u00e3o, utilizando-se da mesma tecnologia dos filmes estadunidenses, sendo as duas anteriores tamb\u00e9m da RecordTV.<\/p>\n","protected":false},"excerpt":{"rendered":"<p>Novela \u201cBelaventura\u201d resumo 06\/09: no capitulo 032 (*) da novela \u201cBelaventura\u201d, quarta-feira, 06 de setembro, Pietra est\u00e1 muito surpresa diante de Enrico e Otoniel. Enrico fica um pouco desconcentrado. Tiana conversa com Gregor e diz que Gonzalo agiu errado ao entrar no castelo de Valedo vestido de quadrilheiro. Joniel luta com homens na floresta e [&hellip;]<\/p>\n","protected":false},"author":2,"featured_media":117590,"comment_status":"open","ping_status":"closed","sticky":false,"template":"","format":"standard","meta":{"tdm_status":"","tdm_grid_status":"","footnotes":""},"categories":[379,371,343],"tags":[441],"class_list":{"0":"post-120541","1":"post","2":"type-post","3":"status-publish","4":"format-standard","5":"has-post-thumbnail","7":"category-novelas","8":"category-rede-record","9":"category-televisao","10":"tag-resumo-do-dia"},"_links":{"self":[{"href":"https:\/\/migracao.redenoticia.com.br\/noticia\/wp-json\/wp\/v2\/posts\/120541","targetHints":{"allow":["GET"]}}],"collection":[{"href":"https:\/\/migracao.redenoticia.com.br\/noticia\/wp-json\/wp\/v2\/posts"}],"about":[{"href":"https:\/\/migracao.redenoticia.com.br\/noticia\/wp-json\/wp\/v2\/types\/post"}],"author":[{"embeddable":true,"href":"https:\/\/migracao.redenoticia.com.br\/noticia\/wp-json\/wp\/v2\/users\/2"}],"replies":[{"embeddable":true,"href":"https:\/\/migracao.redenoticia.com.br\/noticia\/wp-json\/wp\/v2\/comments?post=120541"}],"version-history":[{"count":0,"href":"https:\/\/migracao.redenoticia.com.br\/noticia\/wp-json\/wp\/v2\/posts\/120541\/revisions"}],"wp:featuredmedia":[{"embeddable":true,"href":"https:\/\/migracao.redenoticia.com.br\/noticia\/wp-json\/wp\/v2\/media\/117590"}],"wp:attachment":[{"href":"https:\/\/migracao.redenoticia.com.br\/noticia\/wp-json\/wp\/v2\/media?parent=120541"}],"wp:term":[{"taxonomy":"category","embeddable":true,"href":"https:\/\/migracao.redenoticia.com.br\/noticia\/wp-json\/wp\/v2\/categories?post=120541"},{"taxonomy":"post_tag","embeddable":true,"href":"https:\/\/migracao.redenoticia.com.br\/noticia\/wp-json\/wp\/v2\/tags?post=120541"}],"curies":[{"name":"wp","href":"https:\/\/api.w.org\/{rel}","templated":true}]}}