{"id":120573,"date":"2017-10-22T17:50:15","date_gmt":"2017-10-22T19:50:15","guid":{"rendered":"https:\/\/www.redenoticia.com.br\/noticia\/?p=120573"},"modified":"2017-10-22T17:53:16","modified_gmt":"2017-10-22T19:53:16","slug":"tele-sena-primavera-2017","status":"publish","type":"post","link":"https:\/\/migracao.redenoticia.com.br\/noticia\/2017\/tele-sena-primavera-2017\/120573","title":{"rendered":"\u201cTele Sena\u201d Primavera (2017): quinto e \u00faltimo sorteio em 08\/10"},"content":{"rendered":"<p><a href=\"https:\/\/migracao.redenoticia.com.br\/noticia\/imagens\/tele-sena1.jpg\"><img loading=\"lazy\" decoding=\"async\" class=\"alignleft size-medium wp-image-49116\" src=\"https:\/\/migracao.redenoticia.com.br\/noticia\/imagens\/tele-sena1-250x160.jpg\" alt=\"tele-sena\" width=\"250\" height=\"160\" \/><\/a><em><strong>\u201cTele Sena\u201d<\/strong><\/em>\u00a0Primavera (2017): os sorteios Mais e Menos pontos desta &#8220;Tele Sena&#8221; acontecem nos domingos, no SBT. Primeiro sorteio em 10\/09; segundo em 17\/09; terceiro sorteio em 24\/09; quarto sorteio em 01\/10; quinto e \u00faltimo sorteio em 08\/10. Nesta edi\u00e7\u00e3o de Primavera o consumidor &#8220;Tele Sena&#8221; concorre, no Ganhe J\u00e1, a Casa, Carro, Reforma da Casa, Sal\u00e1rio Extra, Pagamento de D\u00edvidas, 2 anos de Supermercado e Vale Compras de 20 mil reais. At\u00e9 R$ 700 Mil no Mais Pontos e R$ 400 Mil no Menos Pontos. J\u00e1 com o quadro &#8220;Tele Sena&#8221; Completa os clientes ter\u00e3o oportunidade de conquistar o pr\u00eamio de R$ 500 mil. Se houver mais de um ganhador, o pr\u00eamio ser\u00e1 dividido em partes iguais. Toda &#8220;Tele Sena&#8221; Primavera tem um n\u00famero da sorte na parte interna do t\u00edtulo. Com ele o cliente concorre todo dia a 10 Mil Reais no per\u00edodo de 04\/09\/2017 a 07\/10\/2017. No total ser\u00e3o 34 pr\u00eamios. A edi\u00e7\u00e3o conta ainda com o Pr\u00eamio Casa, com sorteio em 16\/09\/2018, que oferece uma casa no valor de R$ 300 mil.<\/p>\n<p>Not\u00edcia relacionada: <a href=\"https:\/\/migracao.redenoticia.com.br\/noticia\/2017\/tele-sena-aniversario-2017\/123974\">\u201cTele Sena\u201d Anivers\u00e1rio (2017)<\/a><\/p>\n<h3>Pr\u00eamio Todo Dia<\/h3>\n<p>04\/09 &#8211; 4023673;<br \/>\n05\/09 &#8211; 4605656;<br \/>\n06\/09 &#8211; 5879709;<br \/>\n07\/09 &#8211; 3483296;<br \/>\n08\/09 &#8211; 0219506;<br \/>\n09\/09 &#8211; 6719300;<br \/>\n10\/09 &#8211; 4764858;<br \/>\n11\/09 &#8211; 0130526;<br \/>\n12\/09 &#8211; 2813117;<br \/>\n13\/09 &#8211; 3738269;<br \/>\n14\/09 &#8211; 4192901;<br \/>\n15\/09 &#8211; 3157141;<br \/>\n16\/09 &#8211; 0383537;<br \/>\n17\/09 &#8211; 2773937;<br \/>\n18\/09 &#8211; 0949625;<br \/>\n19\/09 &#8211; 5157679;<br \/>\n20\/09 &#8211; 5560846;<br \/>\n21\/09 &#8211; 3908141;<br \/>\n22\/09 &#8211; 2132142;<br \/>\n23\/09 &#8211; 4476419;<br \/>\n24\/09 &#8211; 0327057;<br \/>\n25\/09 &#8211; 5711671;<br \/>\n26\/09 &#8211; 6430482;<br \/>\n27\/09 &#8211; 6050255;<br \/>\n28\/09 &#8211; 0020860;<br \/>\n29\/09 &#8211; 0003814;<br \/>\n30\/09 &#8211; 3951736;<br \/>\n01\/10 &#8211; 6101912;<br \/>\n02\/10 &#8211; 5472132;<br \/>\n03\/10 &#8211; 3398227;<br \/>\n04\/10 &#8211; 5690767;<br \/>\n05\/10 &#8211; 6131218;<br \/>\n06\/10 &#8211; 6566860;<br \/>\n07\/10 &#8211; 5994275.<\/p>\n<p>Confira o resultado do primeiro sorteio Mais e Menos pontos da \u201cTele Sena\u201d Primavera (2017), em 10\/09:<\/p>\n<p>10 &#8211; 18 &#8211; 21 &#8211; 22 &#8211; 29<\/p>\n<p>Confira o resultado do segundo sorteio Mais e Menos pontos da \u201cTele Sena\u201d Primavera (2017), em 17\/09:<\/p>\n<p>03 &#8211; 06 &#8211; 17 &#8211; 20 &#8211; 36<\/p>\n<p>Confira o resultado do terceiro sorteio Mais e Menos pontos da \u201cTele Sena\u201d Primavera (2017), em 24\/09:<\/p>\n<p>02 &#8211; 14 &#8211; 15 &#8211; 25 &#8211; 33<\/p>\n<p>Confira o resultado do quarto sorteio Mais e Menos pontos da \u201cTele Sena\u201d Primavera (2017), em 01\/10:<\/p>\n<p>07 &#8211; 16 &#8211; 19 &#8211; 28 &#8211; 35<\/p>\n<p>Confira o resultado do quinto e \u00faltimo sorteio Mais e Menos pontos da \u201cTele Sena\u201d Primavera (2017), em 08\/10:<\/p>\n<p>01 &#8211; 08 &#8211; 23 &#8211; 38 &#8211; 39<\/p>\n<p>\u201cTele Sena\u201d Primavera Completa<\/p>\n<p>51 &#8211; 52 &#8211; 53 &#8211; 54 &#8211; 56<br \/>\n59 &#8211; 61 &#8211; 63 &#8211; 64 &#8211; 66<br \/>\n67 &#8211; 68 &#8211; 70 &#8211; 71 &#8211; 73<br \/>\n76 &#8211; 77 &#8211; 79 &#8211; 80 &#8211; 82<br \/>\n83 &#8211; 84 &#8211; 85<\/p>\n<p>Fonte \u201cTele Sena\u201d Primavera (2017)<\/p>\n<p>&#8212;<br \/>\n&#8220;Tele Sena&#8221; \u00e9 um t\u00edtulo de capitaliza\u00e7\u00e3o de pagamento \u00fanico (PU), lan\u00e7ado em novembro de 1991 pela Lideran\u00e7a Capitaliza\u00e7\u00e3o S\/A.<\/p>\n<p>O consumidor adquire o produto em Casas Lotericas ou Ag\u00eancias dos Correios e, ap\u00f3s um ano, pode resgatar 50% do valor, com juros e corre\u00e7\u00e3o monet\u00e1ria, ou acrescentar mais um pouco e trocar pela Tele Sena em vigor.<\/p>\n<p>Durante a vig\u00eancia da Tele Sena Milion\u00e1ria (SUSEP 15414.900139\/2015-55), o consumidor concorre em seis formas de premia\u00e7\u00e3o.<\/p>\n","protected":false},"excerpt":{"rendered":"<p>\u201cTele Sena\u201d\u00a0Primavera (2017): os sorteios Mais e Menos pontos desta &#8220;Tele Sena&#8221; acontecem nos domingos, no SBT. Primeiro sorteio em 10\/09; segundo em 17\/09; terceiro sorteio em 24\/09; quarto sorteio em 01\/10; quinto e \u00faltimo sorteio em 08\/10. Nesta edi\u00e7\u00e3o de Primavera o consumidor &#8220;Tele Sena&#8221; concorre, no Ganhe J\u00e1, a Casa, Carro, Reforma da [&hellip;]<\/p>\n","protected":false},"author":2,"featured_media":49116,"comment_status":"open","ping_status":"closed","sticky":false,"template":"","format":"standard","meta":{"tdm_status":"","tdm_grid_status":"","footnotes":""},"categories":[335,356],"tags":[],"class_list":{"0":"post-120573","1":"post","2":"type-post","3":"status-publish","4":"format-standard","5":"has-post-thumbnail","7":"category-loteria","8":"category-tele-sena"},"_links":{"self":[{"href":"https:\/\/migracao.redenoticia.com.br\/noticia\/wp-json\/wp\/v2\/posts\/120573","targetHints":{"allow":["GET"]}}],"collection":[{"href":"https:\/\/migracao.redenoticia.com.br\/noticia\/wp-json\/wp\/v2\/posts"}],"about":[{"href":"https:\/\/migracao.redenoticia.com.br\/noticia\/wp-json\/wp\/v2\/types\/post"}],"author":[{"embeddable":true,"href":"https:\/\/migracao.redenoticia.com.br\/noticia\/wp-json\/wp\/v2\/users\/2"}],"replies":[{"embeddable":true,"href":"https:\/\/migracao.redenoticia.com.br\/noticia\/wp-json\/wp\/v2\/comments?post=120573"}],"version-history":[{"count":0,"href":"https:\/\/migracao.redenoticia.com.br\/noticia\/wp-json\/wp\/v2\/posts\/120573\/revisions"}],"wp:featuredmedia":[{"embeddable":true,"href":"https:\/\/migracao.redenoticia.com.br\/noticia\/wp-json\/wp\/v2\/media\/49116"}],"wp:attachment":[{"href":"https:\/\/migracao.redenoticia.com.br\/noticia\/wp-json\/wp\/v2\/media?parent=120573"}],"wp:term":[{"taxonomy":"category","embeddable":true,"href":"https:\/\/migracao.redenoticia.com.br\/noticia\/wp-json\/wp\/v2\/categories?post=120573"},{"taxonomy":"post_tag","embeddable":true,"href":"https:\/\/migracao.redenoticia.com.br\/noticia\/wp-json\/wp\/v2\/tags?post=120573"}],"curies":[{"name":"wp","href":"https:\/\/api.w.org\/{rel}","templated":true}]}}