{"id":1206,"date":"2009-05-05T17:17:26","date_gmt":"2009-05-05T21:17:26","guid":{"rendered":"http:\/\/www.redenoticia.com.br\/noticia\/?p=1206"},"modified":"2009-05-05T17:31:39","modified_gmt":"2009-05-05T21:31:39","slug":"polemica-da-praca-vai-terminar","status":"publish","type":"post","link":"https:\/\/migracao.redenoticia.com.br\/noticia\/2009\/polemica-da-praca-vai-terminar\/1206","title":{"rendered":"Polemica da pra\u00e7a vai terminar"},"content":{"rendered":"<p class=\"MsoNormal\">Seis vereadores de Ji-Paran\u00e1 assinaram o requerimento para discuss\u00e3o e vota\u00e7\u00e3o da lei municipal n\u00famero 2288 que prop\u00f5e a revoga\u00e7\u00e3o da lei 1806, a qual restringe a utiliza\u00e7\u00e3o da Pra\u00e7a da B\u00edblia de Ji-Paran\u00e1 apenas para eventos de cunho religioso e exclui as manifesta\u00e7\u00f5es culturais, esportivas e de lazer.<\/p>\n<p class=\"MsoNormal\">O projeto foi arquivado na pen\u00faltima sess\u00e3o ordin\u00e1ria realizada na ter\u00e7a-feira (28-04), por receber parecer contr\u00e1rio do Presidente de Constitui\u00e7\u00e3o, Justi\u00e7a e Reda\u00e7\u00e3o da C\u00e2mara de Ji-Paran\u00e1, vereador Marcos Rog\u00e9rio (PDT), mas o presidente da c\u00e2mara Nilton C\u00e9sar e os vereadores Zeca da Asdefiji, Jess\u00e9 Mendon\u00e7a, Enivaldo Soares, Solange Pereira e a autora da proposi\u00e7\u00e3o M\u00e1rcia Regina est\u00e3o dispostos a discutir a proposta e solucionar o impasse.<\/p>\n<p class=\"MsoNormal\">Ap\u00f3s orienta\u00e7\u00e3o do procurador da casa, a proposta deve ser colocada em vota\u00e7\u00e3o na pr\u00f3xima sess\u00e3o.<\/p>\n<p class=\"MsoNormal\">Durante a semana os vereadores estar\u00e3o participando de programas locais de r\u00e1dio e tv e concedendo entrevistas para sites, afim de discutirem o assunto e defenderem suas posi\u00e7\u00f5es.<\/p>\n","protected":false},"excerpt":{"rendered":"<p>Seis vereadores de Ji-Paran\u00e1 assinaram o requerimento para discuss\u00e3o e vota\u00e7\u00e3o da lei municipal n\u00famero 2288 que prop\u00f5e a revoga\u00e7\u00e3o da lei 1806, a qual restringe a utiliza\u00e7\u00e3o da Pra\u00e7a da B\u00edblia de Ji-Paran\u00e1 apenas para eventos de cunho religioso e exclui as manifesta\u00e7\u00f5es culturais, esportivas e de lazer. O projeto foi arquivado na pen\u00faltima [&hellip;]<\/p>\n","protected":false},"author":3,"featured_media":0,"comment_status":"open","ping_status":"open","sticky":false,"template":"","format":"standard","meta":{"tdm_status":"","tdm_grid_status":"","footnotes":""},"categories":[22],"tags":[],"class_list":{"0":"post-1206","1":"post","2":"type-post","3":"status-publish","4":"format-standard","6":"category-brasil"},"_links":{"self":[{"href":"https:\/\/migracao.redenoticia.com.br\/noticia\/wp-json\/wp\/v2\/posts\/1206","targetHints":{"allow":["GET"]}}],"collection":[{"href":"https:\/\/migracao.redenoticia.com.br\/noticia\/wp-json\/wp\/v2\/posts"}],"about":[{"href":"https:\/\/migracao.redenoticia.com.br\/noticia\/wp-json\/wp\/v2\/types\/post"}],"author":[{"embeddable":true,"href":"https:\/\/migracao.redenoticia.com.br\/noticia\/wp-json\/wp\/v2\/users\/3"}],"replies":[{"embeddable":true,"href":"https:\/\/migracao.redenoticia.com.br\/noticia\/wp-json\/wp\/v2\/comments?post=1206"}],"version-history":[{"count":0,"href":"https:\/\/migracao.redenoticia.com.br\/noticia\/wp-json\/wp\/v2\/posts\/1206\/revisions"}],"wp:attachment":[{"href":"https:\/\/migracao.redenoticia.com.br\/noticia\/wp-json\/wp\/v2\/media?parent=1206"}],"wp:term":[{"taxonomy":"category","embeddable":true,"href":"https:\/\/migracao.redenoticia.com.br\/noticia\/wp-json\/wp\/v2\/categories?post=1206"},{"taxonomy":"post_tag","embeddable":true,"href":"https:\/\/migracao.redenoticia.com.br\/noticia\/wp-json\/wp\/v2\/tags?post=1206"}],"curies":[{"name":"wp","href":"https:\/\/api.w.org\/{rel}","templated":true}]}}