{"id":120612,"date":"2017-09-06T16:43:17","date_gmt":"2017-09-06T19:43:17","guid":{"rendered":"https:\/\/www.redenoticia.com.br\/noticia\/?p=120612"},"modified":"2017-09-06T20:46:02","modified_gmt":"2017-09-06T23:46:02","slug":"novela-belaventura-resumo-0709-brione-foge-e-vai-ate-gonzalo","status":"publish","type":"post","link":"https:\/\/migracao.redenoticia.com.br\/noticia\/2017\/novela-belaventura-resumo-0709-brione-foge-e-vai-ate-gonzalo\/120612","title":{"rendered":"Novela \u201cBelaventura\u201d resumo 07\/09: Brione foge e vai at\u00e9 Gonzalo"},"content":{"rendered":"<p> <strong><em><img loading=\"lazy\" decoding=\"async\" class=\"alignleft size-thumbnail wp-image-117590\" src=\"https:\/\/migracao.redenoticia.com.br\/noticia\/imagens\/belaventura_record_novela_resumo-150x112.jpg\" alt=\"\" width=\"150\" height=\"112\" srcset=\"https:\/\/migracao.redenoticia.com.br\/noticia\/imagens\/belaventura_record_novela_resumo-150x112.jpg 150w, https:\/\/migracao.redenoticia.com.br\/noticia\/imagens\/belaventura_record_novela_resumo-265x198.jpg 265w\" sizes=\"auto, (max-width: 150px) 100vw, 150px\" \/>Novela \u201cBelaventura\u201d resumo 07\/09<\/em><\/strong>: no capitulo 033 (*) da novela \u201cBelaventura\u201d, quinta-feira, 07 de setembro, Carmona conversa com Lizabeta que ainda est\u00e1 desacordada e diz que sente sua falta. Otoniel ouve tudo sem ser visto e Carmona se emociona. Enrico e Pietra est\u00e3o ao lado de Lizabeta e reclamam que Severo j\u00e1 deveria ter chegado com o ant\u00eddoto. Carmona diz a Enrico que aceita Pietra desde que seja feito uma varredura onde ela mora, pois n\u00e3o sabem nada a respeito de sua m\u00e3e. Severo chega ao castelo e entra com Marion e encontra Otoniel sentado no trono. Otoniel reclama do atraso e pede o ant\u00eddoto para salvar Lizabeta. Severo prop\u00f5e renegociar o acordo antes. Severo encara Otoniel. Severo diz que o duelo entre Enrico e Jacques deve come\u00e7ar imediatamente&#8230; Otoniel est\u00e1 furioso diante de Severo e Marion. Mistral e Cedric acalmam os \u00e2nimos. Otoniel chama Severo de traidor e Severo diz que mudou de ideia. Jacques quer ver Lizabeta mas \u00e9 impedido pelos guardas e pede que Nodier o leve at\u00e9 ela. Nodier debocha de Jacques ao dizer que ele tinha passagem livre quando era chefe da guarda. <\/p>\n<p>Dulcin\u00e9a diz a Tiana que se sente muito fraca, sem vontade de comer e que anda enjoada. Jacques entra no quarto em que est\u00e1 Lizabeta e pergunta porque ela ainda est\u00e1 desacordada. Pietra diz que ningu\u00e9m surgiu com o ant\u00eddoto. Carmona ordena que Nodier acompanhe os soldados at\u00e9 a casa de Pietra para que n\u00e3o desconfiem da arma\u00e7\u00e3o. Nodier beija Carmona.Elia conversa com Pietra no corredor e diz que ela n\u00e3o deve confiar em Carmona. Laurinda aconselha Brione a n\u00e3o sair do castelo para visitar o rei e contar sobre a arma\u00e7\u00e3o do pai. Severo l\u00ea outro pergaminho e diz que concorda com as novas condi\u00e7\u00f5es. <\/p>\n<p>Mistral diz que independente do resultado da luta entre Enrico e Jacques, ele e sua fam\u00edlia ter\u00e3o o perd\u00e3o r\u00e9gio e que poder\u00e3o viver livremente no reino e participar das reuni\u00f5es da corte. Enrico concorda, mas diz que tudo isso s\u00f3 acontecer\u00e1 se antes da pr\u00f3xima lua, Lizabeta esteja acordada, caso contr\u00e1rio, todos ser\u00e3o presos. Otoniel assina o novo acordo. Merlino diz a Leoc\u00e1dia que n\u00e3o h\u00e1 mais como conseguir o ant\u00eddoto. Os guardas vasculham a casa de Pietra e Nodier chega. Enrico fica furioso com a atitude de Carmona. Brione foge e vai at\u00e9 Gonzalo na oficina e pede abrigo. Bartolion mostra a Enrico alguns pergaminhos com os desenhos das caixas lend\u00e1rias e que podem tem a resposta para o ant\u00eddoto. Bartolion deduz que Pietra pode ser a \u00fanica capaz de salvar a princesa. Nodier se irrita com os guardas que n\u00e3o encontram nada na casa de Pietra. Nodier come\u00e7a a derrubar tudo e todos se surpreendem quando ele encontra cr\u00e2nios e ossos humanos no local, no espanto de Pietra.<\/p>\n<p>(*) edi\u00e7\u00e3o da Rede Record, Novela \u201cBelaventura\u201d, sujeito a altera\u00e7\u00e3o de data e conte\u00fado.<\/p>\n<p>\u201cBelaventura\u201d \u00e9 uma telenovela brasileira produzida pela RecordTV em parceria com a produtora Casablanca e exibida pela emissora a partir de 25 de julho de 2017 com previs\u00e3o de 150 cap\u00edtulos, substituindo a reprise de A Escrava Isaura. A trama \u00e9 a terceira exibida no hor\u00e1rio como novela das sete desde a reabertura da faixa para telenovelas, ocupada com telejornais at\u00e9 a estreia de Escrava M\u00e3e, em 2016. Foi a 28\u00aa novela exibida pela emissora desde a retomada da dramaturgia em 2004. Escrita por Gustavo Reiz com colabora\u00e7\u00e3o de Aline Garbati, Jussara Fazolo, Mariana Vielmond e Marco Borges, tendo dire\u00e7\u00e3o geral de Ivan Zettel e dire\u00e7\u00e3o art\u00edstica de Roberto Bomtempo. \u201cBelaventura\u201d foi a terceira telenovela brasileira gravada em resolu\u00e7\u00e3o 4K (UHDTV), formato superior ao HD usada nas produ\u00e7\u00f5es at\u00e9 ent\u00e3o, utilizando-se da mesma tecnologia dos filmes estadunidenses, sendo as duas anteriores tamb\u00e9m da RecordTV.<\/p>\n","protected":false},"excerpt":{"rendered":"<p>Novela \u201cBelaventura\u201d resumo 07\/09: no capitulo 033 (*) da novela \u201cBelaventura\u201d, quinta-feira, 07 de setembro, Carmona conversa com Lizabeta que ainda est\u00e1 desacordada e diz que sente sua falta. Otoniel ouve tudo sem ser visto e Carmona se emociona. Enrico e Pietra est\u00e3o ao lado de Lizabeta e reclamam que Severo j\u00e1 deveria ter chegado [&hellip;]<\/p>\n","protected":false},"author":2,"featured_media":117590,"comment_status":"open","ping_status":"closed","sticky":false,"template":"","format":"standard","meta":{"tdm_status":"","tdm_grid_status":"","footnotes":""},"categories":[379,371,343],"tags":[441],"class_list":{"0":"post-120612","1":"post","2":"type-post","3":"status-publish","4":"format-standard","5":"has-post-thumbnail","7":"category-novelas","8":"category-rede-record","9":"category-televisao","10":"tag-resumo-do-dia"},"_links":{"self":[{"href":"https:\/\/migracao.redenoticia.com.br\/noticia\/wp-json\/wp\/v2\/posts\/120612","targetHints":{"allow":["GET"]}}],"collection":[{"href":"https:\/\/migracao.redenoticia.com.br\/noticia\/wp-json\/wp\/v2\/posts"}],"about":[{"href":"https:\/\/migracao.redenoticia.com.br\/noticia\/wp-json\/wp\/v2\/types\/post"}],"author":[{"embeddable":true,"href":"https:\/\/migracao.redenoticia.com.br\/noticia\/wp-json\/wp\/v2\/users\/2"}],"replies":[{"embeddable":true,"href":"https:\/\/migracao.redenoticia.com.br\/noticia\/wp-json\/wp\/v2\/comments?post=120612"}],"version-history":[{"count":0,"href":"https:\/\/migracao.redenoticia.com.br\/noticia\/wp-json\/wp\/v2\/posts\/120612\/revisions"}],"wp:featuredmedia":[{"embeddable":true,"href":"https:\/\/migracao.redenoticia.com.br\/noticia\/wp-json\/wp\/v2\/media\/117590"}],"wp:attachment":[{"href":"https:\/\/migracao.redenoticia.com.br\/noticia\/wp-json\/wp\/v2\/media?parent=120612"}],"wp:term":[{"taxonomy":"category","embeddable":true,"href":"https:\/\/migracao.redenoticia.com.br\/noticia\/wp-json\/wp\/v2\/categories?post=120612"},{"taxonomy":"post_tag","embeddable":true,"href":"https:\/\/migracao.redenoticia.com.br\/noticia\/wp-json\/wp\/v2\/tags?post=120612"}],"curies":[{"name":"wp","href":"https:\/\/api.w.org\/{rel}","templated":true}]}}