{"id":120614,"date":"2017-09-06T16:44:31","date_gmt":"2017-09-06T19:44:31","guid":{"rendered":"https:\/\/www.redenoticia.com.br\/noticia\/?p=120614"},"modified":"2017-09-07T21:54:39","modified_gmt":"2017-09-08T00:54:39","slug":"novela-o-rico-e-lazaro-resumo-0709-zelfa-aconselha-zac-a-esquecer-joana","status":"publish","type":"post","link":"https:\/\/migracao.redenoticia.com.br\/noticia\/2017\/novela-o-rico-e-lazaro-resumo-0709-zelfa-aconselha-zac-a-esquecer-joana\/120614","title":{"rendered":"Novela \u201cO Rico e L\u00e1zaro\u201d resumo 07\/09: Nabonido discute com Nit\u00f3cris"},"content":{"rendered":"<p> <img loading=\"lazy\" decoding=\"async\" class=\"alignleft size-thumbnail wp-image-107948\" src=\"https:\/\/migracao.redenoticia.com.br\/noticia\/imagens\/o_rico_e_o_lazaro_resumo_novela_record-150x112.jpg\" alt=\"\" width=\"150\" height=\"112\" srcset=\"https:\/\/migracao.redenoticia.com.br\/noticia\/imagens\/o_rico_e_o_lazaro_resumo_novela_record-150x112.jpg 150w, https:\/\/migracao.redenoticia.com.br\/noticia\/imagens\/o_rico_e_o_lazaro_resumo_novela_record-265x198.jpg 265w\" sizes=\"auto, (max-width: 150px) 100vw, 150px\" \/><strong><em>Novela \u201cO Rico e L\u00e1zaro\u201d resumo 07\/09<\/em><\/strong>: no capitulo 129(*) da novela \u201cO Rico e L\u00e1zaro\u201d, quinta-feira, 07 de setembro, Zac amea\u00e7a Asher. Lior chega no quarto de Lia e Davi solta a almofada. Nabucodonosor questiona Rebeca sobre o paradeiro da m\u00e3e de Hurzabum. Ebede se recusa a dar satisfa\u00e7\u00e3o a Rabe-S\u00e1ris. Zac avisa a Beroso que o acordo est\u00e1 de p\u00e9. Matias conversa com Joana e diz que Zac precisa pagar sua d\u00edvida. Beroso vende Lior para Asher. Tamir e Shamir dizem que Elga n\u00e3o pode casar com Fassur. Dana fala de Levi, seu novo pretendente. <\/p>\n<p>Absalom fica furioso. Daniel se despede de Mesaque. Ebede pede para falar com Gadise. Nabucodonosor diz que \u00e9 uma honra ter Asher no pal\u00e1cio. Ebede diz que deseja ver Gadise feliz. Nebuzarad\u00e3 se incomoda com a presen\u00e7a de Asher no pal\u00e1cio. Nabonido discute com Nit\u00f3cris. A princesa mima Belsazar. Edissa tenta apoiar Neusta. Tamir e Shamir v\u00e3o atr\u00e1s da prostituta de Fassur. <\/p>\n<p>Asher conversa com Evil-Merodaque e come\u00e7a a explicar algumas situa\u00e7\u00f5es do passado. Nebuzarad\u00e3 e Sammu-Ramat ficam preocupados com a aproxima\u00e7\u00e3o de Asher e Evil. Rebeca diz para Hurzabum que o rei perguntou sobre Shag-Shag. Debora, filha de Hurzabum, conversa com Shag-Shag, inocentemente. Zac procura Joana e avisa que se casar\u00e3o no dia seguinte. Asher conta que viu Nebuzarad\u00e3 traindo Kassaia com a sacerdotisa.<\/p>\n<p>(*) edi\u00e7\u00e3o da Rede Record, Novela \u201cO Rico e L\u00e1zaro\u201d, sujeito a altera\u00e7\u00e3o de data e conte\u00fado.<\/p>\n","protected":false},"excerpt":{"rendered":"<p>Novela \u201cO Rico e L\u00e1zaro\u201d resumo 07\/09: no capitulo 129(*) da novela \u201cO Rico e L\u00e1zaro\u201d, quinta-feira, 07 de setembro, Zac amea\u00e7a Asher. Lior chega no quarto de Lia e Davi solta a almofada. Nabucodonosor questiona Rebeca sobre o paradeiro da m\u00e3e de Hurzabum. Ebede se recusa a dar satisfa\u00e7\u00e3o a Rabe-S\u00e1ris. Zac avisa a [&hellip;]<\/p>\n","protected":false},"author":2,"featured_media":107948,"comment_status":"open","ping_status":"closed","sticky":false,"template":"","format":"standard","meta":{"tdm_status":"","tdm_grid_status":"","footnotes":""},"categories":[379,371,343],"tags":[441],"class_list":{"0":"post-120614","1":"post","2":"type-post","3":"status-publish","4":"format-standard","5":"has-post-thumbnail","7":"category-novelas","8":"category-rede-record","9":"category-televisao","10":"tag-resumo-do-dia"},"_links":{"self":[{"href":"https:\/\/migracao.redenoticia.com.br\/noticia\/wp-json\/wp\/v2\/posts\/120614","targetHints":{"allow":["GET"]}}],"collection":[{"href":"https:\/\/migracao.redenoticia.com.br\/noticia\/wp-json\/wp\/v2\/posts"}],"about":[{"href":"https:\/\/migracao.redenoticia.com.br\/noticia\/wp-json\/wp\/v2\/types\/post"}],"author":[{"embeddable":true,"href":"https:\/\/migracao.redenoticia.com.br\/noticia\/wp-json\/wp\/v2\/users\/2"}],"replies":[{"embeddable":true,"href":"https:\/\/migracao.redenoticia.com.br\/noticia\/wp-json\/wp\/v2\/comments?post=120614"}],"version-history":[{"count":0,"href":"https:\/\/migracao.redenoticia.com.br\/noticia\/wp-json\/wp\/v2\/posts\/120614\/revisions"}],"wp:featuredmedia":[{"embeddable":true,"href":"https:\/\/migracao.redenoticia.com.br\/noticia\/wp-json\/wp\/v2\/media\/107948"}],"wp:attachment":[{"href":"https:\/\/migracao.redenoticia.com.br\/noticia\/wp-json\/wp\/v2\/media?parent=120614"}],"wp:term":[{"taxonomy":"category","embeddable":true,"href":"https:\/\/migracao.redenoticia.com.br\/noticia\/wp-json\/wp\/v2\/categories?post=120614"},{"taxonomy":"post_tag","embeddable":true,"href":"https:\/\/migracao.redenoticia.com.br\/noticia\/wp-json\/wp\/v2\/tags?post=120614"}],"curies":[{"name":"wp","href":"https:\/\/api.w.org\/{rel}","templated":true}]}}