{"id":120617,"date":"2017-09-06T16:41:49","date_gmt":"2017-09-06T19:41:49","guid":{"rendered":"https:\/\/www.redenoticia.com.br\/noticia\/?p=120617"},"modified":"2017-09-07T18:03:39","modified_gmt":"2017-09-07T21:03:39","slug":"novela-bicho-do-mato-resumo-0709-brandao-da-uma-facada-em-fernando","status":"publish","type":"post","link":"https:\/\/migracao.redenoticia.com.br\/noticia\/2017\/novela-bicho-do-mato-resumo-0709-brandao-da-uma-facada-em-fernando\/120617","title":{"rendered":"Novela \u201cBicho do Mato\u201d resumo 07\/09: Brand\u00e3o d\u00e1 uma facada em Fernando"},"content":{"rendered":"<p> <img loading=\"lazy\" decoding=\"async\" class=\"alignleft size-thumbnail wp-image-119859\" src=\"https:\/\/migracao.redenoticia.com.br\/noticia\/imagens\/bicho_do_mato_novela_record_resumo-150x112.jpg\" alt=\"\" width=\"150\" height=\"112\" srcset=\"https:\/\/migracao.redenoticia.com.br\/noticia\/imagens\/bicho_do_mato_novela_record_resumo-150x112.jpg 150w, https:\/\/migracao.redenoticia.com.br\/noticia\/imagens\/bicho_do_mato_novela_record_resumo-265x198.jpg 265w\" sizes=\"auto, (max-width: 150px) 100vw, 150px\" \/><strong><em>Novela \u201cBicho do Mato\u201d resumo 07\/09<\/em><\/strong>: no capitulo 009 (*) da novela \u201cBicho do Mato\u201d, ter\u00e7a-feira, 07 de setembro, Brand\u00e3o d\u00e1 uma facada em Fernando. Ana v\u00ea tudo. Jaci encontra Iru e Yopan\u00e3. Eles montam nos cavalos e partem. Piau\u00ed chora e pede perd\u00e3o para Fernando e quando levanta acha Ana. Desnorteado, saca a arma e aponta para Ana. Fernando implora para Piau\u00ed n\u00e3o fazer nada com Ana. Tini\u00e1 conta o que est\u00e1 acontecendo para Juba. Piau\u00ed fica atordoado e em seguida sai correndo. Ana se agacha perto de Fernando. Fernando diz para Ana buscar socorro. Fernando fica sozinho e tenta pegar uma foto de Laura, que carrega no bolso. Fernando lembra do dia do nascimento de Juba. Iru e Yopan\u00e3 chegam. <\/p>\n<p>Juba chega com o cavalo e corre para Fernando. Fernando morre nos bra\u00e7os de Juba. Juba pinta o rosto com o sangue do pai e sai \u00e0 cavalo. Brand\u00e3o comemora a morte de Fernando com Bexiga e Caro\u00e7o. Piau\u00ed est\u00e1 completamente transtornado correndo pela mata. \u00cdndios fazem ritual em homenagem a Fernando. Ramalho comemora com champanhe a morte de Fernando. Maria Elisa chega e Ramalho a convence de tomar uma ta\u00e7a de champanhe. <\/p>\n<p>Cec\u00edlia chega na casa de Alzira para visitar Em\u00edlio. Emilio pega Cec\u00edlia de surpresa e d\u00e1 um beijo nela. Emilio vai pegar um cd e finge sentir uma tonteira. Cec\u00edlia fica preocupada. Emilio vai se aproximando para beijar Cec\u00edlia, que corta. Laura desmaia ao saber da morte de Fernando. Frederica liga para Ramalho d\u00e1 a not\u00edcia terr\u00edvel: Fernando morreu. Ramalho finge estar surpreso. Alfredo chora a morte do irm\u00e3o.Laura diz para Ramalho que Fernando foi assassinado. Juba lembra a \u00faltima conversa que teve com o pai. Francisca est\u00e1 preocupada porque Juba n\u00e3o volta. Zuzu fala para Cec\u00edlia que ela est\u00e1 apaixonada por Juba.<\/p>\n<p>(*) edi\u00e7\u00e3o da Rede Record, Novela \u201cBicho do Mato\u201d, sujeito a altera\u00e7\u00e3o de data e conte\u00fado.<\/p>\n","protected":false},"excerpt":{"rendered":"<p>Novela \u201cBicho do Mato\u201d resumo 07\/09: no capitulo 009 (*) da novela \u201cBicho do Mato\u201d, ter\u00e7a-feira, 07 de setembro, Brand\u00e3o d\u00e1 uma facada em Fernando. Ana v\u00ea tudo. Jaci encontra Iru e Yopan\u00e3. Eles montam nos cavalos e partem. Piau\u00ed chora e pede perd\u00e3o para Fernando e quando levanta acha Ana. Desnorteado, saca a arma [&hellip;]<\/p>\n","protected":false},"author":2,"featured_media":119859,"comment_status":"open","ping_status":"closed","sticky":false,"template":"","format":"standard","meta":{"tdm_status":"","tdm_grid_status":"","footnotes":""},"categories":[379,371,343],"tags":[441],"class_list":{"0":"post-120617","1":"post","2":"type-post","3":"status-publish","4":"format-standard","5":"has-post-thumbnail","7":"category-novelas","8":"category-rede-record","9":"category-televisao","10":"tag-resumo-do-dia"},"_links":{"self":[{"href":"https:\/\/migracao.redenoticia.com.br\/noticia\/wp-json\/wp\/v2\/posts\/120617","targetHints":{"allow":["GET"]}}],"collection":[{"href":"https:\/\/migracao.redenoticia.com.br\/noticia\/wp-json\/wp\/v2\/posts"}],"about":[{"href":"https:\/\/migracao.redenoticia.com.br\/noticia\/wp-json\/wp\/v2\/types\/post"}],"author":[{"embeddable":true,"href":"https:\/\/migracao.redenoticia.com.br\/noticia\/wp-json\/wp\/v2\/users\/2"}],"replies":[{"embeddable":true,"href":"https:\/\/migracao.redenoticia.com.br\/noticia\/wp-json\/wp\/v2\/comments?post=120617"}],"version-history":[{"count":0,"href":"https:\/\/migracao.redenoticia.com.br\/noticia\/wp-json\/wp\/v2\/posts\/120617\/revisions"}],"wp:featuredmedia":[{"embeddable":true,"href":"https:\/\/migracao.redenoticia.com.br\/noticia\/wp-json\/wp\/v2\/media\/119859"}],"wp:attachment":[{"href":"https:\/\/migracao.redenoticia.com.br\/noticia\/wp-json\/wp\/v2\/media?parent=120617"}],"wp:term":[{"taxonomy":"category","embeddable":true,"href":"https:\/\/migracao.redenoticia.com.br\/noticia\/wp-json\/wp\/v2\/categories?post=120617"},{"taxonomy":"post_tag","embeddable":true,"href":"https:\/\/migracao.redenoticia.com.br\/noticia\/wp-json\/wp\/v2\/tags?post=120617"}],"curies":[{"name":"wp","href":"https:\/\/api.w.org\/{rel}","templated":true}]}}