{"id":120623,"date":"2017-09-06T16:30:47","date_gmt":"2017-09-06T19:30:47","guid":{"rendered":"https:\/\/www.redenoticia.com.br\/noticia\/?p=120623"},"modified":"2017-09-06T08:21:13","modified_gmt":"2017-09-06T11:21:13","slug":"resumo-novela-no-limite-da-paixao-0709-frida-quer-matar-otavio","status":"publish","type":"post","link":"https:\/\/migracao.redenoticia.com.br\/noticia\/2017\/resumo-novela-no-limite-da-paixao-0709-frida-quer-matar-otavio\/120623","title":{"rendered":"Resumo novela \u201cNo Limite da Paix\u00e3o\u201d 07\/09: Frida quer matar Ot\u00e1vio"},"content":{"rendered":"<p><img loading=\"lazy\" decoding=\"async\" class=\"alignleft size-thumbnail wp-image-113483\" src=\"https:\/\/migracao.redenoticia.com.br\/noticia\/imagens\/no-limite-da-paixao-novela-sbt-resumo-150x112.jpg\" alt=\"\" width=\"150\" height=\"112\" srcset=\"https:\/\/migracao.redenoticia.com.br\/noticia\/imagens\/no-limite-da-paixao-novela-sbt-resumo-150x112.jpg 150w, https:\/\/migracao.redenoticia.com.br\/noticia\/imagens\/no-limite-da-paixao-novela-sbt-resumo-265x198.jpg 265w\" sizes=\"auto, (max-width: 150px) 100vw, 150px\" \/><strong><em>Resumo novela \u201cNo Limite da Paix\u00e3o\u201d 07\/09<\/em><\/strong>: no cap\u00edtulo 079(*) da novela \u201cNo Limite da Paix\u00e3o\u201d, resumo de quinta-feira, 07 de setembro, Maciel obriga Caetana a dizer em que hospital Frida est\u00e1 internada. Frida pede a Caetana que leve roupas, j\u00f3ias e tranq\u00fcilizantes. Caetana conta a Frida que Ot\u00e1vio levou Fernandinho para viver com Ana Cristina. Maria Madalena diz a Maciel que Louren\u00e7o lhe ofereceu emprego e que decidiu aceitar para poder pagar a ele todo o dinheiro que emprestou a seus filhos, pois n\u00e3o quer que nada a obrigue a continuar vivendo a seu lado. Maciel, enciumado, diz que o que ela quer \u00e9 se livrar dele para ter um caso com Louren\u00e7o. Maciel agride Maria Madalena e a puxa pelo cabelo. C\u00e9lia chega nesse momento e, furiosa, lhe d\u00e1 uma bofetada e o chama de covarde. Frida pergunta \u00e0 enfermeira se ela conhece algu\u00e9m disposto a matar por dinheiro, pois precisa encontrar algu\u00e9m que mate Ot\u00e1vio Vila Real. C\u00e9lia diz a Maria Madalena que levar\u00e1 ela e Rebeca para conhecer uma pessoa que poder\u00e1 orient\u00e1-las em seus problemas. Ela amea\u00e7a contar tudo a seus filhos sobre os maus-tratos de Maciel e que Rebeca \u00e9 a verdadeira m\u00e3e de Gabriel caso se recusem a procur\u00e1-lo. Ot\u00e1vio pergunta a Fernandinho e a Jo\u00e3o Manuel se eles gostariam que vivessem todos juntos com Ana Cristina. Frida entrega uma bolsa cheia de dinheiro para a enfermeira e diz que essa quantia \u00e9 pela morte de Ot\u00e1vio Vila Real.<\/p>\n<p>(*) edi\u00e7\u00e3o do SBT, Novela \u201cNo Limite da Paix\u00e3o\u201d, sujeito a altera\u00e7\u00e3o de data e conte\u00fado.<\/p>\n<p>\u201cNo Limite da Paix\u00e3o\u201d \u00e9 uma telenovela mexicana produzida por Salvador Mej\u00eda Alejandre para a Televisa e exibida pelo Canal de las Estrellas entre 11 de fevereiro e 2 de agosto de 2002. A trama \u00e9 baseada em Cadena de odio, uma radionovela de Hilda Morales Allois. Foi adaptada livremente por Liliana Abud, dire\u00e7\u00e3o de Miguel C\u00f3rcega e produ\u00e7\u00e3o executiva de Nathalie Lartilleux. A trama \u00e9 protagonizada por Susana Gonz\u00e1lez e C\u00e9sar \u00c9vora e antagonizada por Sabine Moussier e Alberto Estrella.<\/p>\n<p>Sinopse: Ana Cristina e Ot\u00e1vio ter\u00e3o que ultrapassar as barreiras das mentiras e enfrentar o sentimento que os condena. Rodeados das m\u00e1s inten\u00e7\u00f5es de seus inimigos, e os problemas que ter\u00e3o um a um at\u00e9 chegar a sua meta: estar juntos sem importar o passado. Ana Cristina \u00e9 uma jovem charmosa e de car\u00e1ter forte, \u00e9 a protegida de seu av\u00f4, Fernando Villareal. Quando Fernando fica doente, seu sobrinho Ot\u00e1vio Villareal, um homem cheio de rancor porque seu tio impediu seu casamento com sua amada Frida, viaja para v\u00ea-lo. Fernando morre, deixando em seu testamento a f\u00e1brica de sapatos para Ot\u00e1vio e Ana Cristina: eles s\u00e3o sua \u00fanica fam\u00edlia, mas como condi\u00e7\u00e3o devem se casar e viver juntos um ano antes de decidir o que fazer com a empresa. Maciel, o capataz das terras Villareal, come\u00e7a a caluniar a inofensiva Ana Cristina e convence Ot\u00e1vio para que busque Frida. Sem imaginar, com a conviv\u00eancia cresce um amor profundo entre os dois: ambos s\u00e3o v\u00edtimas de um grande \u00f3dio por parte de Maciel e Frida, ex-prometida de Ot\u00e1vio, que fazem at\u00e9 o imposs\u00edvel para separar os dois. Ot\u00e1vio dever\u00e1 decidir entre o filho que espera agora sua amada esposa Ana Cristina, e o filho de sua amante Frida que, na verdade, n\u00e3o \u00e9 seu. Mas a chegada de Martha, uma mulher misteriosa e obscura vai mudar completamente e vida de Ana Cristina e Ot\u00e1vio. Ela far\u00e1 de tudo para defender Ana Cristina nem que para isso precise revelar um grande segredo que guarda.<\/p>\n","protected":false},"excerpt":{"rendered":"<p>Resumo novela \u201cNo Limite da Paix\u00e3o\u201d 07\/09: no cap\u00edtulo 079(*) da novela \u201cNo Limite da Paix\u00e3o\u201d, resumo de quinta-feira, 07 de setembro, Maciel obriga Caetana a dizer em que hospital Frida est\u00e1 internada. Frida pede a Caetana que leve roupas, j\u00f3ias e tranq\u00fcilizantes. Caetana conta a Frida que Ot\u00e1vio levou Fernandinho para viver com Ana [&hellip;]<\/p>\n","protected":false},"author":4,"featured_media":113483,"comment_status":"open","ping_status":"closed","sticky":false,"template":"","format":"standard","meta":{"tdm_status":"","tdm_grid_status":"","footnotes":""},"categories":[379,372,343],"tags":[441],"class_list":{"0":"post-120623","1":"post","2":"type-post","3":"status-publish","4":"format-standard","5":"has-post-thumbnail","7":"category-novelas","8":"category-sbt","9":"category-televisao","10":"tag-resumo-do-dia"},"_links":{"self":[{"href":"https:\/\/migracao.redenoticia.com.br\/noticia\/wp-json\/wp\/v2\/posts\/120623","targetHints":{"allow":["GET"]}}],"collection":[{"href":"https:\/\/migracao.redenoticia.com.br\/noticia\/wp-json\/wp\/v2\/posts"}],"about":[{"href":"https:\/\/migracao.redenoticia.com.br\/noticia\/wp-json\/wp\/v2\/types\/post"}],"author":[{"embeddable":true,"href":"https:\/\/migracao.redenoticia.com.br\/noticia\/wp-json\/wp\/v2\/users\/4"}],"replies":[{"embeddable":true,"href":"https:\/\/migracao.redenoticia.com.br\/noticia\/wp-json\/wp\/v2\/comments?post=120623"}],"version-history":[{"count":0,"href":"https:\/\/migracao.redenoticia.com.br\/noticia\/wp-json\/wp\/v2\/posts\/120623\/revisions"}],"wp:featuredmedia":[{"embeddable":true,"href":"https:\/\/migracao.redenoticia.com.br\/noticia\/wp-json\/wp\/v2\/media\/113483"}],"wp:attachment":[{"href":"https:\/\/migracao.redenoticia.com.br\/noticia\/wp-json\/wp\/v2\/media?parent=120623"}],"wp:term":[{"taxonomy":"category","embeddable":true,"href":"https:\/\/migracao.redenoticia.com.br\/noticia\/wp-json\/wp\/v2\/categories?post=120623"},{"taxonomy":"post_tag","embeddable":true,"href":"https:\/\/migracao.redenoticia.com.br\/noticia\/wp-json\/wp\/v2\/tags?post=120623"}],"curies":[{"name":"wp","href":"https:\/\/api.w.org\/{rel}","templated":true}]}}