{"id":120682,"date":"2017-09-07T16:40:49","date_gmt":"2017-09-07T19:40:49","guid":{"rendered":"https:\/\/www.redenoticia.com.br\/noticia\/?p=120682"},"modified":"2017-09-07T17:58:53","modified_gmt":"2017-09-07T20:58:53","slug":"novela-ribeirao-do-tempo-resumo-0809-querencio-ameaca-tito","status":"publish","type":"post","link":"https:\/\/migracao.redenoticia.com.br\/noticia\/2017\/novela-ribeirao-do-tempo-resumo-0809-querencio-ameaca-tito\/120682","title":{"rendered":"Novela \u201cRibeir\u00e3o do Tempo\u201d resumo 08\/09: Quer\u00eancio amea\u00e7a Tito"},"content":{"rendered":"<p> <img loading=\"lazy\" decoding=\"async\" src=\"https:\/\/migracao.redenoticia.com.br\/noticia\/imagens\/ribeirao_do_tempo_novela_record_resumo-150x112.jpg\" alt=\"\" width=\"150\" height=\"112\" class=\"alignleft size-thumbnail wp-image-108265\" srcset=\"https:\/\/migracao.redenoticia.com.br\/noticia\/imagens\/ribeirao_do_tempo_novela_record_resumo-150x112.jpg 150w, https:\/\/migracao.redenoticia.com.br\/noticia\/imagens\/ribeirao_do_tempo_novela_record_resumo-265x198.jpg 265w\" sizes=\"auto, (max-width: 150px) 100vw, 150px\" \/><strong><em>Novela \u201cRibeir\u00e3o do Tempo\u201d resumo 08\/09<\/em><\/strong>: no capitulo 134 (*) da novela \u201cRibeir\u00e3o do Tempo\u201d, sexta-feira, 08 de setembro, Romeu, Alfredo e Quer\u00eancio ouvem o jingle da campanha do pintor e ficam animados. Muito preocupado, Ari conta a Ajuricaba e a Virg\u00ednia que encomendou uma pesquisa e deu empate t\u00e9cnico. Flores manda Sereno enviar uma mensagem do Comando Invis\u00edvel mandando os eleitores anularem os votos. L\u00e9ia diz para Joca deixar de ter ci\u00fames dela. O detetive fala para a m\u00e3e ouvir a grava\u00e7\u00e3o do telefone do professor, mas L\u00e9ia se recusa. Finalmente, Joca consegue colocar o gravador para L\u00e9ia ouvir. Filomena vai at\u00e9 a boate e mata as saudades do pai. Quer\u00eancio pergunta a Fil\u00f3 como est\u00e1 a vida. Ela diz que est\u00e1 tudo bem, mas n\u00e3o consegue conter as l\u00e1grimas que descem pelo rosto&#8230;L\u00e9ia acaba de ouvir a grava\u00e7\u00e3o e diz que com certeza o professor estava brincando. Joca diz a L\u00e9ia que Flores enganou todo mundo e revela que ele parou de falar coisas s\u00e9rias ao telefone fixo, pois deve ter percebido que o telefone estava sendo grampeado. Joca afirma que vai conseguir provas para desmascarar o professor. Quer\u00eancio diz a Filomena que percebeu que ela est\u00e1 triste. Fil\u00f3 conta a Marisa que fez um passeio de avi\u00e3o. <\/p>\n<p>Flores fala ao celular com o general que o anivers\u00e1rio da cidade est\u00e1 chegando e que a morte do traidor vai marcar o in\u00edcio da marcha triunfal. Joca diz a Alfredo Lorota que tudo pode acontecer em Ribeir\u00e3o. Quer\u00eancio vai a Patrim\u00f4nio Eterno e encontra Teixeira, que diz para ele passar na sala dele quando quiser para saber do andamento do invent\u00e1rio. Quer\u00eancio fala para Arminda que est\u00e1 preocupado com Filomena. Arminda afirma que Fil\u00f3 est\u00e1 lutando pelo amor dela e pede para Quer\u00eancio n\u00e3o tentar separar a filha do marido. Sancha e Romeu aconselham Quer\u00eancio a se acalmar. O pintor liga para Tito e diz que percebeu que a filha est\u00e1 muito triste. O aventureiro afirma que n\u00e3o aconteceu nada de anormal. <\/p>\n<p>Quer\u00eancio avisa que se ele sacanear Fil\u00f3 vai ter que se entender com ele. Passam-se alguns dias. Nicolau liga para Karina e fala para ela encontr\u00e1-lo em Bras\u00edlia. C\u00e9lia diz a Bruno que Quer\u00eancio tem um carisma insuper\u00e1vel. Karina chega em casa excitada e diz aos pais que vai viajar, mas n\u00e3o diz para onde. Ela fala para a m\u00e3e que se acontecer tudo como o planejado a vida dela vai mudar completamente. C\u00e9lia ajuda Karina a escolher algumas roupas para levar para a viagem. Nicolau recebe Karina e diz a ela que eles t\u00eam uma agenda quente para cumprir. Karina e Nicolau s\u00e3o fotografados em frente ao Congresso Nacional. Lincon recebe a foto de Nicolau e conta a L\u00edlian que o senador pediu para que seja publicada na primeira p\u00e1gina da Folha da Corredeira. Karina liga para C\u00e9lia, diz que est\u00e1 em Bras\u00edlia e pede para a m\u00e3e comprar o jornal. Iara chega de viagem.<\/p>\n<p>(*) edi\u00e7\u00e3o da Rede Record, Novela \u201cRibeir\u00e3o do Tempo\u201d, sujeito a altera\u00e7\u00e3o de data e conte\u00fado.<\/p>\n","protected":false},"excerpt":{"rendered":"<p>Novela \u201cRibeir\u00e3o do Tempo\u201d resumo 08\/09: no capitulo 134 (*) da novela \u201cRibeir\u00e3o do Tempo\u201d, sexta-feira, 08 de setembro, Romeu, Alfredo e Quer\u00eancio ouvem o jingle da campanha do pintor e ficam animados. Muito preocupado, Ari conta a Ajuricaba e a Virg\u00ednia que encomendou uma pesquisa e deu empate t\u00e9cnico. Flores manda Sereno enviar uma [&hellip;]<\/p>\n","protected":false},"author":2,"featured_media":108265,"comment_status":"open","ping_status":"closed","sticky":false,"template":"","format":"standard","meta":{"tdm_status":"","tdm_grid_status":"","footnotes":""},"categories":[379,371,343],"tags":[441],"class_list":{"0":"post-120682","1":"post","2":"type-post","3":"status-publish","4":"format-standard","5":"has-post-thumbnail","7":"category-novelas","8":"category-rede-record","9":"category-televisao","10":"tag-resumo-do-dia"},"_links":{"self":[{"href":"https:\/\/migracao.redenoticia.com.br\/noticia\/wp-json\/wp\/v2\/posts\/120682","targetHints":{"allow":["GET"]}}],"collection":[{"href":"https:\/\/migracao.redenoticia.com.br\/noticia\/wp-json\/wp\/v2\/posts"}],"about":[{"href":"https:\/\/migracao.redenoticia.com.br\/noticia\/wp-json\/wp\/v2\/types\/post"}],"author":[{"embeddable":true,"href":"https:\/\/migracao.redenoticia.com.br\/noticia\/wp-json\/wp\/v2\/users\/2"}],"replies":[{"embeddable":true,"href":"https:\/\/migracao.redenoticia.com.br\/noticia\/wp-json\/wp\/v2\/comments?post=120682"}],"version-history":[{"count":0,"href":"https:\/\/migracao.redenoticia.com.br\/noticia\/wp-json\/wp\/v2\/posts\/120682\/revisions"}],"wp:featuredmedia":[{"embeddable":true,"href":"https:\/\/migracao.redenoticia.com.br\/noticia\/wp-json\/wp\/v2\/media\/108265"}],"wp:attachment":[{"href":"https:\/\/migracao.redenoticia.com.br\/noticia\/wp-json\/wp\/v2\/media?parent=120682"}],"wp:term":[{"taxonomy":"category","embeddable":true,"href":"https:\/\/migracao.redenoticia.com.br\/noticia\/wp-json\/wp\/v2\/categories?post=120682"},{"taxonomy":"post_tag","embeddable":true,"href":"https:\/\/migracao.redenoticia.com.br\/noticia\/wp-json\/wp\/v2\/tags?post=120682"}],"curies":[{"name":"wp","href":"https:\/\/api.w.org\/{rel}","templated":true}]}}