{"id":120688,"date":"2017-09-07T16:43:05","date_gmt":"2017-09-07T19:43:05","guid":{"rendered":"https:\/\/www.redenoticia.com.br\/noticia\/?p=120688"},"modified":"2017-09-08T21:51:04","modified_gmt":"2017-09-09T00:51:04","slug":"novela-o-rico-e-lazaro-resumo-0809-asher-conversa-com-evil-merodaque","status":"publish","type":"post","link":"https:\/\/migracao.redenoticia.com.br\/noticia\/2017\/novela-o-rico-e-lazaro-resumo-0809-asher-conversa-com-evil-merodaque\/120688","title":{"rendered":"Novela \u201cO Rico e L\u00e1zaro\u201d resumo 08\/09: Asher conversa com Evil-Merodaque"},"content":{"rendered":"<p> <img loading=\"lazy\" decoding=\"async\" class=\"alignleft size-thumbnail wp-image-107948\" src=\"https:\/\/migracao.redenoticia.com.br\/noticia\/imagens\/o_rico_e_o_lazaro_resumo_novela_record-150x112.jpg\" alt=\"\" width=\"150\" height=\"112\" srcset=\"https:\/\/migracao.redenoticia.com.br\/noticia\/imagens\/o_rico_e_o_lazaro_resumo_novela_record-150x112.jpg 150w, https:\/\/migracao.redenoticia.com.br\/noticia\/imagens\/o_rico_e_o_lazaro_resumo_novela_record-265x198.jpg 265w\" sizes=\"auto, (max-width: 150px) 100vw, 150px\" \/><strong><em>Novela \u201cO Rico e L\u00e1zaro\u201d resumo 08\/09<\/em><\/strong>: no capitulo 130(*) da novela \u201cO Rico e L\u00e1zaro\u201d, sexta-feira, 08 de setembro, Asher conta que viu Nebuzarad\u00e3 traindo Kassaia com a sacerdotisa. Evil-Merodaque fica furioso. Em conversa com Nebuzarad\u00e3, Sammu-Ramat nega ter matado Kassaia. Evil chega ao local e chama o Chefe da Guarda Real de assassino. Nebuzarad\u00e3 nega a acusa\u00e7\u00e3o de Evil. Furioso, o pr\u00edncipe acerta um soco no Chefe da Guarda Real. Deborah tenta achar Shag-Shag. <\/p>\n<p>Neusta diz que assumir\u00e1 a culpa para livrar Joaquim. Evil-Merodaque diz que contar\u00e1 tudo ao rei. Joana fica decepcionada com a atitude de Zac. Lior fala sobre Asher com Lia e Naomi. Shamiran diz admirar a rainha Amitis. Fassur ofende Oziel. Zelfa diz n\u00e3o aprovar a uni\u00e3o entre Elga e Fassur. Tamir e Shamir tentam arrancar informa\u00e7\u00f5es da prostituta sobre o sacerdote. Neusta pede para Edissa fugir com Joaquim. Evil e Asher dizem toda a verdade para o rei. Nebuzarad\u00e3 nega, mas \u00e9 questionado por Nabucodonosor. Sammu-Ramat toma uma infus\u00e3o de ervas. O rei diz acreditar em Nebuzarad\u00e3. <\/p>\n<p>Sammu-Ramat chega e \u00e9 acusada novamente por Evil-Merodaque. Tamir e Shamir discutem com Larsa na Casa da Lua e arrumam uma confus\u00e3o. O feitor acaba batendo a cabe\u00e7a no ch\u00e3o e desmaia. O rei n\u00e3o aceita a den\u00fancia contra o Chefe da Guarda Real e absolve Nebuzarad\u00e3. Furioso, Evil amea\u00e7a o cunhado. Tamir e Shamir encontram suas esposas e tentam explicar o motivo da ida \u00e0 Casa da Lua. Nebuzarad\u00e3 e Sammu-Ramat comemoram. Fassur descobre que os filhos de Elga seguiram a prostituta. Arioque reencontra Shag-Shag.<\/p>\n<p>(*) edi\u00e7\u00e3o da Rede Record, Novela \u201cO Rico e L\u00e1zaro\u201d, sujeito a altera\u00e7\u00e3o de data e conte\u00fado.<\/p>\n","protected":false},"excerpt":{"rendered":"<p>Novela \u201cO Rico e L\u00e1zaro\u201d resumo 08\/09: no capitulo 130(*) da novela \u201cO Rico e L\u00e1zaro\u201d, sexta-feira, 08 de setembro, Asher conta que viu Nebuzarad\u00e3 traindo Kassaia com a sacerdotisa. Evil-Merodaque fica furioso. Em conversa com Nebuzarad\u00e3, Sammu-Ramat nega ter matado Kassaia. Evil chega ao local e chama o Chefe da Guarda Real de assassino. [&hellip;]<\/p>\n","protected":false},"author":2,"featured_media":107948,"comment_status":"open","ping_status":"closed","sticky":false,"template":"","format":"standard","meta":{"tdm_status":"","tdm_grid_status":"","footnotes":""},"categories":[379,371,343],"tags":[441],"class_list":{"0":"post-120688","1":"post","2":"type-post","3":"status-publish","4":"format-standard","5":"has-post-thumbnail","7":"category-novelas","8":"category-rede-record","9":"category-televisao","10":"tag-resumo-do-dia"},"_links":{"self":[{"href":"https:\/\/migracao.redenoticia.com.br\/noticia\/wp-json\/wp\/v2\/posts\/120688","targetHints":{"allow":["GET"]}}],"collection":[{"href":"https:\/\/migracao.redenoticia.com.br\/noticia\/wp-json\/wp\/v2\/posts"}],"about":[{"href":"https:\/\/migracao.redenoticia.com.br\/noticia\/wp-json\/wp\/v2\/types\/post"}],"author":[{"embeddable":true,"href":"https:\/\/migracao.redenoticia.com.br\/noticia\/wp-json\/wp\/v2\/users\/2"}],"replies":[{"embeddable":true,"href":"https:\/\/migracao.redenoticia.com.br\/noticia\/wp-json\/wp\/v2\/comments?post=120688"}],"version-history":[{"count":0,"href":"https:\/\/migracao.redenoticia.com.br\/noticia\/wp-json\/wp\/v2\/posts\/120688\/revisions"}],"wp:featuredmedia":[{"embeddable":true,"href":"https:\/\/migracao.redenoticia.com.br\/noticia\/wp-json\/wp\/v2\/media\/107948"}],"wp:attachment":[{"href":"https:\/\/migracao.redenoticia.com.br\/noticia\/wp-json\/wp\/v2\/media?parent=120688"}],"wp:term":[{"taxonomy":"category","embeddable":true,"href":"https:\/\/migracao.redenoticia.com.br\/noticia\/wp-json\/wp\/v2\/categories?post=120688"},{"taxonomy":"post_tag","embeddable":true,"href":"https:\/\/migracao.redenoticia.com.br\/noticia\/wp-json\/wp\/v2\/tags?post=120688"}],"curies":[{"name":"wp","href":"https:\/\/api.w.org\/{rel}","templated":true}]}}