{"id":120734,"date":"2017-09-07T16:37:30","date_gmt":"2017-09-07T19:37:30","guid":{"rendered":"https:\/\/www.redenoticia.com.br\/noticia\/?p=120734"},"modified":"2017-09-07T16:16:44","modified_gmt":"2017-09-07T19:16:44","slug":"resumo-novela-novo-mundo-0809-greta-ataca-schultz","status":"publish","type":"post","link":"https:\/\/migracao.redenoticia.com.br\/noticia\/2017\/resumo-novela-novo-mundo-0809-greta-ataca-schultz\/120734","title":{"rendered":"Resumo novela \u201cNovo Mundo\u201d 08\/09: Greta ataca Schultz"},"content":{"rendered":"<p><img loading=\"lazy\" decoding=\"async\" class=\"alignleft size-thumbnail wp-image-107950\" src=\"https:\/\/migracao.redenoticia.com.br\/noticia\/imagens\/novo_mundo_novela_resumo_globo-150x112.jpg\" alt=\"\" width=\"150\" height=\"112\" srcset=\"https:\/\/migracao.redenoticia.com.br\/noticia\/imagens\/novo_mundo_novela_resumo_globo-150x112.jpg 150w, https:\/\/migracao.redenoticia.com.br\/noticia\/imagens\/novo_mundo_novela_resumo_globo-265x198.jpg 265w\" sizes=\"auto, (max-width: 150px) 100vw, 150px\" \/><strong><em>Resumo novela \u201cNovo Mundo\u201d 08\/09<\/em><\/strong>: no cap\u00edtulo 145(*) da novela \u201cNovo Mundo\u201d, resumo de sexta-feira, 08 de setembro, todos comemoram a Independ\u00eancia do Brasil. Dom Pedro e Leopoldina s\u00e3o proclamados imperadores do pa\u00eds. Chala\u00e7a revela a Anna que Pedro esteve com Domitila. Licurgo e Germana oferecem um bolo em homenagem a Leopoldina. Por ordem de Dom Pedro, Fel\u00edcio \u00e9 transferido, e Domitila comemora. Hugo e Licurgo se aproximam. Piat\u00e3 acredita que seu pai esteja na aldeia visitada por ele. A sa\u00fade de Wolfgang melhora e Greta questiona Schultz. Todos se preparam para a festa da Independ\u00eancia. Pedro agradece e se declara para Leopoldina. Greta ataca Schultz.<\/p>\n<p>(*) edi\u00e7\u00e3o da Rede Globo, Novela \u201cNovo Mundo\u201d, sujeito a altera\u00e7\u00e3o de data e conte\u00fado.<\/p>\n<p>Novo Mundo \u00e9 uma telenovela brasileira produzida pela Rede Globo. Escrita por Thereza Falc\u00e3o e Alessandro Marson, conta com dire\u00e7\u00e3o art\u00edstica de Vin\u00edcius Coimbra. Conta com as participa\u00e7\u00f5es de Isabelle Drummond, Chay Suede, Caio Castro, Let\u00edcia Colin, Leo Jaime, D\u00e9bora Olivieri, Rodrigo Simas, Giullia Buscacio, Vivianne Pasmanter, Guilherme Piva, R\u00f4mulo Estrela, Agatha Moreira, Luisa Micheletti, Gabriel Braga Nunes, e Ingrid Guimar\u00e3es.<\/p>\n","protected":false},"excerpt":{"rendered":"<p>Resumo novela \u201cNovo Mundo\u201d 08\/09: no cap\u00edtulo 145(*) da novela \u201cNovo Mundo\u201d, resumo de sexta-feira, 08 de setembro, todos comemoram a Independ\u00eancia do Brasil. Dom Pedro e Leopoldina s\u00e3o proclamados imperadores do pa\u00eds. Chala\u00e7a revela a Anna que Pedro esteve com Domitila. Licurgo e Germana oferecem um bolo em homenagem a Leopoldina. Por ordem de [&hellip;]<\/p>\n","protected":false},"author":4,"featured_media":107950,"comment_status":"open","ping_status":"closed","sticky":false,"template":"","format":"standard","meta":{"tdm_status":"","tdm_grid_status":"","footnotes":""},"categories":[379,375,343],"tags":[441],"class_list":{"0":"post-120734","1":"post","2":"type-post","3":"status-publish","4":"format-standard","5":"has-post-thumbnail","7":"category-novelas","8":"category-rede-globo","9":"category-televisao","10":"tag-resumo-do-dia"},"_links":{"self":[{"href":"https:\/\/migracao.redenoticia.com.br\/noticia\/wp-json\/wp\/v2\/posts\/120734","targetHints":{"allow":["GET"]}}],"collection":[{"href":"https:\/\/migracao.redenoticia.com.br\/noticia\/wp-json\/wp\/v2\/posts"}],"about":[{"href":"https:\/\/migracao.redenoticia.com.br\/noticia\/wp-json\/wp\/v2\/types\/post"}],"author":[{"embeddable":true,"href":"https:\/\/migracao.redenoticia.com.br\/noticia\/wp-json\/wp\/v2\/users\/4"}],"replies":[{"embeddable":true,"href":"https:\/\/migracao.redenoticia.com.br\/noticia\/wp-json\/wp\/v2\/comments?post=120734"}],"version-history":[{"count":0,"href":"https:\/\/migracao.redenoticia.com.br\/noticia\/wp-json\/wp\/v2\/posts\/120734\/revisions"}],"wp:featuredmedia":[{"embeddable":true,"href":"https:\/\/migracao.redenoticia.com.br\/noticia\/wp-json\/wp\/v2\/media\/107950"}],"wp:attachment":[{"href":"https:\/\/migracao.redenoticia.com.br\/noticia\/wp-json\/wp\/v2\/media?parent=120734"}],"wp:term":[{"taxonomy":"category","embeddable":true,"href":"https:\/\/migracao.redenoticia.com.br\/noticia\/wp-json\/wp\/v2\/categories?post=120734"},{"taxonomy":"post_tag","embeddable":true,"href":"https:\/\/migracao.redenoticia.com.br\/noticia\/wp-json\/wp\/v2\/tags?post=120734"}],"curies":[{"name":"wp","href":"https:\/\/api.w.org\/{rel}","templated":true}]}}