{"id":120736,"date":"2017-09-07T16:37:02","date_gmt":"2017-09-07T19:37:02","guid":{"rendered":"https:\/\/www.redenoticia.com.br\/noticia\/?p=120736"},"modified":"2017-09-07T21:05:27","modified_gmt":"2017-09-08T00:05:27","slug":"resumo-novela-pega-pega-0809-maria-pia-sai-com-o-chapeu-de-madalena","status":"publish","type":"post","link":"https:\/\/migracao.redenoticia.com.br\/noticia\/2017\/resumo-novela-pega-pega-0809-maria-pia-sai-com-o-chapeu-de-madalena\/120736","title":{"rendered":"Resumo novela \u201cPega Pega\u201d 08\/09: Douglas aconselha Luiza sobre Sabine"},"content":{"rendered":"<p><img loading=\"lazy\" decoding=\"async\" class=\"alignleft size-thumbnail wp-image-114640\" src=\"https:\/\/migracao.redenoticia.com.br\/noticia\/imagens\/pega-pega-globo-novela-resumo-150x112.jpg\" alt=\"\" width=\"150\" height=\"112\" srcset=\"https:\/\/migracao.redenoticia.com.br\/noticia\/imagens\/pega-pega-globo-novela-resumo-150x112.jpg 150w, https:\/\/migracao.redenoticia.com.br\/noticia\/imagens\/pega-pega-globo-novela-resumo-265x198.jpg 265w\" sizes=\"auto, (max-width: 150px) 100vw, 150px\" \/><strong><em>Resumo novela \u201cPega Pega\u201d 08\/09<\/em><\/strong>: no cap\u00edtulo 082(*) da novela \u201cPega Pega\u201d, resumo de sexta-feira, 08 de setembro, L\u00edgia e Atha\u00edde estranham o comportamento de Maria Pia. Malagueta se incomoda na presen\u00e7a de Eric. Hermes conta para Lu\u00edza que Eric e Mirella come\u00e7aram a brigar depois que Bebeth nasceu e que Sabine esteve presente em uma das brigas do casal. Ant\u00f4nia exige que Dom\u00eanico participe de sua conversa com J\u00falio. L\u00edgia gosta da iniciativa de Maria Pia com rela\u00e7\u00e3o a Eric. Malagueta fica euf\u00f3rico com a not\u00edcia da volta de Maria Pia. Sandra Helena procura o advogado de Eric. Arlete liga para Atha\u00edde. Expedito sugere que Ant\u00f4nia d\u00ea uma chance para Dom\u00eanico. Douglas aconselha Lu\u00edza a n\u00e3o falar com Sabine sobre Eric. Eric pede que Maria Pia fique atenta a Malagueta. Sandra Helena visita Agnaldo na cadeia. Lu\u00edza esfria a rela\u00e7\u00e3o com Eric. Maria Pia confidencia a Malagueta que mudou sua t\u00e1tica para conquistar Eric. Sabine convida um casal de diplomatas para o jantar com a fam\u00edlia biol\u00f3gica de Dom, que se irrita com a atitude da m\u00e3e.<\/p>\n<p>(*) edi\u00e7\u00e3o da Rede Globo, Novela \u201cPega Pega\u201d, sujeito a altera\u00e7\u00e3o de data e conte\u00fado.<\/p>\n<p>Pega Pega \u00e9 uma telenovela brasileira produzida pela Rede Globo, para o hor\u00e1rio das 19 horas. Ambientada no Rio de Janeiro, entre os bairros de Copacabana e Tijuca, Pega Pega tem como trama central o roubo ao Hotel Carioca Palace e seus desdobramentos na vida de cada um dos envolvidos, sejam eles h\u00f3spedes, suspeitos ou convidados do grande baile de gala. Assinando a autoria de uma novela pela primeira vez, Claudia Souto prop\u00f5e falar de \u00e9tica com bom humor, sob o ponto de vista de pessoas comuns.<\/p>\n","protected":false},"excerpt":{"rendered":"<p>Resumo novela \u201cPega Pega\u201d 08\/09: no cap\u00edtulo 082(*) da novela \u201cPega Pega\u201d, resumo de sexta-feira, 08 de setembro, L\u00edgia e Atha\u00edde estranham o comportamento de Maria Pia. Malagueta se incomoda na presen\u00e7a de Eric. Hermes conta para Lu\u00edza que Eric e Mirella come\u00e7aram a brigar depois que Bebeth nasceu e que Sabine esteve presente em [&hellip;]<\/p>\n","protected":false},"author":4,"featured_media":114640,"comment_status":"open","ping_status":"closed","sticky":false,"template":"","format":"standard","meta":{"tdm_status":"","tdm_grid_status":"","footnotes":""},"categories":[379,375,343],"tags":[441],"class_list":{"0":"post-120736","1":"post","2":"type-post","3":"status-publish","4":"format-standard","5":"has-post-thumbnail","7":"category-novelas","8":"category-rede-globo","9":"category-televisao","10":"tag-resumo-do-dia"},"_links":{"self":[{"href":"https:\/\/migracao.redenoticia.com.br\/noticia\/wp-json\/wp\/v2\/posts\/120736","targetHints":{"allow":["GET"]}}],"collection":[{"href":"https:\/\/migracao.redenoticia.com.br\/noticia\/wp-json\/wp\/v2\/posts"}],"about":[{"href":"https:\/\/migracao.redenoticia.com.br\/noticia\/wp-json\/wp\/v2\/types\/post"}],"author":[{"embeddable":true,"href":"https:\/\/migracao.redenoticia.com.br\/noticia\/wp-json\/wp\/v2\/users\/4"}],"replies":[{"embeddable":true,"href":"https:\/\/migracao.redenoticia.com.br\/noticia\/wp-json\/wp\/v2\/comments?post=120736"}],"version-history":[{"count":0,"href":"https:\/\/migracao.redenoticia.com.br\/noticia\/wp-json\/wp\/v2\/posts\/120736\/revisions"}],"wp:featuredmedia":[{"embeddable":true,"href":"https:\/\/migracao.redenoticia.com.br\/noticia\/wp-json\/wp\/v2\/media\/114640"}],"wp:attachment":[{"href":"https:\/\/migracao.redenoticia.com.br\/noticia\/wp-json\/wp\/v2\/media?parent=120736"}],"wp:term":[{"taxonomy":"category","embeddable":true,"href":"https:\/\/migracao.redenoticia.com.br\/noticia\/wp-json\/wp\/v2\/categories?post=120736"},{"taxonomy":"post_tag","embeddable":true,"href":"https:\/\/migracao.redenoticia.com.br\/noticia\/wp-json\/wp\/v2\/tags?post=120736"}],"curies":[{"name":"wp","href":"https:\/\/api.w.org\/{rel}","templated":true}]}}