{"id":120752,"date":"2017-09-08T00:05:13","date_gmt":"2017-09-08T03:05:13","guid":{"rendered":"https:\/\/www.redenoticia.com.br\/noticia\/?p=120752"},"modified":"2017-09-07T18:42:00","modified_gmt":"2017-09-07T21:42:00","slug":"fapesp-anuncia-nova-chamada-do-programa-bioen","status":"publish","type":"post","link":"https:\/\/migracao.redenoticia.com.br\/noticia\/2017\/fapesp-anuncia-nova-chamada-do-programa-bioen\/120752","title":{"rendered":"FAPESP anuncia nova chamada do Programa BIOEN"},"content":{"rendered":"<p> Ag\u00eancia FAPESP\u00a0\u2013 A FAPESP anunciou uma nova chamada de propostas para o <strong><em>Programa de Pesquisa em Bioenergia<\/em><\/strong> (BIOEN). A chamada est\u00e1 aberta a propostas nas modalidades de Aux\u00edlio \u00e0 Pesquisa \u2013 Regular, Aux\u00edlio \u00e0 Pesquisa \u2013 Projeto Tem\u00e1tico e Jovens Pesquisadores em Centros Emergentes.<\/p>\n<p>Tendo em vista a an\u00e1lise por assessoria internacional, as propostas devem ser redigidas em ingl\u00eas.<\/p>\n<p>Orientado \u00e0 pesquisa b\u00e1sica e aplicada sobre Bioenergia, o Programa BIOEN foi criado em 2008 e, desde ent\u00e3o, organizou uma rede de pesquisa que conduz estudos em cinco divis\u00f5es: 1) Biomassa para bioenergia (com foco em cana-de-a\u00e7\u00facar); 2) Processo de fabrica\u00e7\u00e3o de biocombust\u00edveis; 3) Biorrefinaria e alcoolqu\u00edmica; 4) Aplica\u00e7\u00f5es do etanol para motores automotivos; 5) Pesquisa sobre impactos socioecon\u00f4micos, ambientais e uso da terra.<\/p>\n<p>Os resultados at\u00e9 aqui alcan\u00e7ados constituem base s\u00f3lida que poder\u00e1 sustentar o desenvolvimento de propostas com abordagem inovadora e conduzir a grandes avan\u00e7os. Objetivo igualmente importante \u00e9 o de preencher lacunas no conhecimento fundamental para que o pa\u00eds possa progredir na explora\u00e7\u00e3o da biomassa como importante fonte de energia renov\u00e1vel. Para isso, um dos objetivos da nova chamada \u00e9 aumentar a integra\u00e7\u00e3o da pesquisa j\u00e1 existente sobre o tema. Ser\u00e3o valorizadas abordagens multidisciplinares, que estimulem sinergias, criem massa cr\u00edtica em diferentes sub\u00e1reas e garantam que os esfor\u00e7os de pesquisa e inova\u00e7\u00e3o em bioenergia tenham impacto e abrang\u00eancia.<\/p>\n<p>\u00c9 especialmente importante para o BIOEN atrair jovens pesquisadores em \u00e1reas de ponta e gerar parcerias internacionais, que dever\u00e3o diversificar as \u00e1reas de atua\u00e7\u00e3o do programa e atrair o interesse de comunidade ainda maior \u2013 aqui inclu\u00eddas tanto a ind\u00fastria nacional como a internacional \u2013 pela pesquisa nele conduzida.<\/p>\n<p>Os temas da chamada s\u00e3o:<\/p>\n<ul>\n<li>Pesquisa b\u00e1sica para avan\u00e7ar o conhecimento em bioenergia.<\/li>\n<li>Pesquisa para o aumento da produtividade e do tempo de opera\u00e7\u00e3o de usinas de bioetanol, bioeletricidade e desenvolvimento de biorrefinarias.<\/li>\n<li>Novas pr\u00e1ticas agron\u00f4micas em cana-de-a\u00e7\u00facar para aumento de produtividade e sustentabilidade.<\/li>\n<li>Melhoramento gen\u00e9tico da cana-de-a\u00e7\u00facar.<\/li>\n<li>Etanol celul\u00f3sico, produ\u00e7\u00e3o integrada de coprodutos e energia na usina.<\/li>\n<li>Bioeletricidade e biomassas fora da rota dos combust\u00edveis l\u00edquidos.<\/li>\n<li>Pesquisa para ampliar e diversificar as fontes de biomassa para bioenergia.<\/li>\n<li>Pesquisa sobre log\u00edstica em produ\u00e7\u00e3o de biomassa.<\/li>\n<li>Biocombust\u00edvel para avia\u00e7\u00e3o e ve\u00edculos pesados.<\/li>\n<li>Pesquisa sobre os impactos ambiental, social e econ\u00f4mico da expans\u00e3o da produ\u00e7\u00e3o de cana-de-a\u00e7\u00facar e de outras fontes de biomassa para bioenergia.<\/li>\n<\/ul>\n<p>As propostas ser\u00e3o recebidas at\u00e9 24 de novembro de 2017.<\/p>\n<p>A chamada est\u00e1 publicada em:\u00a0.<\/p>\n","protected":false},"excerpt":{"rendered":"<p>Ag\u00eancia FAPESP\u00a0\u2013 A FAPESP anunciou uma nova chamada de propostas para o Programa de Pesquisa em Bioenergia (BIOEN). A chamada est\u00e1 aberta a propostas nas modalidades de Aux\u00edlio \u00e0 Pesquisa \u2013 Regular, Aux\u00edlio \u00e0 Pesquisa \u2013 Projeto Tem\u00e1tico e Jovens Pesquisadores em Centros Emergentes. Tendo em vista a an\u00e1lise por assessoria internacional, as propostas devem [&hellip;]<\/p>\n","protected":false},"author":2,"featured_media":37419,"comment_status":"open","ping_status":"closed","sticky":false,"template":"","format":"standard","meta":{"tdm_status":"","tdm_grid_status":"","footnotes":""},"categories":[22,370,353],"tags":[],"class_list":{"0":"post-120752","1":"post","2":"type-post","3":"status-publish","4":"format-standard","5":"has-post-thumbnail","7":"category-brasil","8":"category-inscricao","9":"category-oportunidades"},"_links":{"self":[{"href":"https:\/\/migracao.redenoticia.com.br\/noticia\/wp-json\/wp\/v2\/posts\/120752","targetHints":{"allow":["GET"]}}],"collection":[{"href":"https:\/\/migracao.redenoticia.com.br\/noticia\/wp-json\/wp\/v2\/posts"}],"about":[{"href":"https:\/\/migracao.redenoticia.com.br\/noticia\/wp-json\/wp\/v2\/types\/post"}],"author":[{"embeddable":true,"href":"https:\/\/migracao.redenoticia.com.br\/noticia\/wp-json\/wp\/v2\/users\/2"}],"replies":[{"embeddable":true,"href":"https:\/\/migracao.redenoticia.com.br\/noticia\/wp-json\/wp\/v2\/comments?post=120752"}],"version-history":[{"count":0,"href":"https:\/\/migracao.redenoticia.com.br\/noticia\/wp-json\/wp\/v2\/posts\/120752\/revisions"}],"wp:featuredmedia":[{"embeddable":true,"href":"https:\/\/migracao.redenoticia.com.br\/noticia\/wp-json\/wp\/v2\/media\/37419"}],"wp:attachment":[{"href":"https:\/\/migracao.redenoticia.com.br\/noticia\/wp-json\/wp\/v2\/media?parent=120752"}],"wp:term":[{"taxonomy":"category","embeddable":true,"href":"https:\/\/migracao.redenoticia.com.br\/noticia\/wp-json\/wp\/v2\/categories?post=120752"},{"taxonomy":"post_tag","embeddable":true,"href":"https:\/\/migracao.redenoticia.com.br\/noticia\/wp-json\/wp\/v2\/tags?post=120752"}],"curies":[{"name":"wp","href":"https:\/\/api.w.org\/{rel}","templated":true}]}}