{"id":120784,"date":"2017-09-08T16:35:39","date_gmt":"2017-09-08T19:35:39","guid":{"rendered":"https:\/\/www.redenoticia.com.br\/noticia\/?p=120784"},"modified":"2017-09-08T16:35:39","modified_gmt":"2017-09-08T19:35:39","slug":"resumo-novela-novo-mundo-0909-thomas-detem-anna-e-nivea","status":"publish","type":"post","link":"https:\/\/migracao.redenoticia.com.br\/noticia\/2017\/resumo-novela-novo-mundo-0909-thomas-detem-anna-e-nivea\/120784","title":{"rendered":"Resumo novela \u201cNovo Mundo\u201d 09\/09: Thomas det\u00e9m Anna e N\u00edvea"},"content":{"rendered":"<p><img loading=\"lazy\" decoding=\"async\" class=\"alignleft size-thumbnail wp-image-107950\" src=\"https:\/\/migracao.redenoticia.com.br\/noticia\/imagens\/novo_mundo_novela_resumo_globo-150x112.jpg\" alt=\"\" width=\"150\" height=\"112\" srcset=\"https:\/\/migracao.redenoticia.com.br\/noticia\/imagens\/novo_mundo_novela_resumo_globo-150x112.jpg 150w, https:\/\/migracao.redenoticia.com.br\/noticia\/imagens\/novo_mundo_novela_resumo_globo-265x198.jpg 265w\" sizes=\"auto, (max-width: 150px) 100vw, 150px\" \/><strong><em>Resumo novela \u201cNovo Mundo\u201d 09\/09<\/em><\/strong>: no cap\u00edtulo 146(*) da novela \u201cNovo Mundo\u201d, resumo de s\u00e1bado, 09 de setembro, Greta tenta disfar\u00e7ar a morte de Schultz e volta a envenenar Wolfgang. Peter comenta com Diara que o estado de Wolfgang n\u00e3o apresenta sintomas de doen\u00e7a. Thomas det\u00e9m Anna e N\u00edvea. Matias desconfia das atitudes de Sebasti\u00e3o e alerta Lib\u00e9rio e Cec\u00edlia. Piat\u00e3, Jacira e Olinto chegam para resgatar Anna e enfrentam Thomas. Hugo insiste para que Elvira revele a Joaquim que eles nunca foram casados. Benedita e Francisco apoiam Domitila em sua luta por Pedro. Thomas consegue fugir novamente. Wolfgang piora, e Diara estranha. Greta finge desespero sobre a morte de Schultz. Fred garante a Liu que n\u00e3o desistir\u00e1 do ouro do gale\u00e3o. Piat\u00e3 conta para Anna sobre suas vis\u00f5es e ela afirma que sabe onde encontrar seu pai.<\/p>\n<p>(*) edi\u00e7\u00e3o da Rede Globo, Novela \u201cNovo Mundo\u201d, sujeito a altera\u00e7\u00e3o de data e conte\u00fado.<\/p>\n<p>Novo Mundo \u00e9 uma telenovela brasileira produzida pela Rede Globo. Escrita por Thereza Falc\u00e3o e Alessandro Marson, conta com dire\u00e7\u00e3o art\u00edstica de Vin\u00edcius Coimbra. Conta com as participa\u00e7\u00f5es de Isabelle Drummond, Chay Suede, Caio Castro, Let\u00edcia Colin, Leo Jaime, D\u00e9bora Olivieri, Rodrigo Simas, Giullia Buscacio, Vivianne Pasmanter, Guilherme Piva, R\u00f4mulo Estrela, Agatha Moreira, Luisa Micheletti, Gabriel Braga Nunes, e Ingrid Guimar\u00e3es.<\/p>\n","protected":false},"excerpt":{"rendered":"<p>Resumo novela \u201cNovo Mundo\u201d 09\/09: no cap\u00edtulo 146(*) da novela \u201cNovo Mundo\u201d, resumo de s\u00e1bado, 09 de setembro, Greta tenta disfar\u00e7ar a morte de Schultz e volta a envenenar Wolfgang. Peter comenta com Diara que o estado de Wolfgang n\u00e3o apresenta sintomas de doen\u00e7a. Thomas det\u00e9m Anna e N\u00edvea. Matias desconfia das atitudes de Sebasti\u00e3o [&hellip;]<\/p>\n","protected":false},"author":4,"featured_media":107950,"comment_status":"open","ping_status":"closed","sticky":false,"template":"","format":"standard","meta":{"tdm_status":"","tdm_grid_status":"","footnotes":""},"categories":[379,375,343],"tags":[441],"class_list":{"0":"post-120784","1":"post","2":"type-post","3":"status-publish","4":"format-standard","5":"has-post-thumbnail","7":"category-novelas","8":"category-rede-globo","9":"category-televisao","10":"tag-resumo-do-dia"},"_links":{"self":[{"href":"https:\/\/migracao.redenoticia.com.br\/noticia\/wp-json\/wp\/v2\/posts\/120784","targetHints":{"allow":["GET"]}}],"collection":[{"href":"https:\/\/migracao.redenoticia.com.br\/noticia\/wp-json\/wp\/v2\/posts"}],"about":[{"href":"https:\/\/migracao.redenoticia.com.br\/noticia\/wp-json\/wp\/v2\/types\/post"}],"author":[{"embeddable":true,"href":"https:\/\/migracao.redenoticia.com.br\/noticia\/wp-json\/wp\/v2\/users\/4"}],"replies":[{"embeddable":true,"href":"https:\/\/migracao.redenoticia.com.br\/noticia\/wp-json\/wp\/v2\/comments?post=120784"}],"version-history":[{"count":0,"href":"https:\/\/migracao.redenoticia.com.br\/noticia\/wp-json\/wp\/v2\/posts\/120784\/revisions"}],"wp:featuredmedia":[{"embeddable":true,"href":"https:\/\/migracao.redenoticia.com.br\/noticia\/wp-json\/wp\/v2\/media\/107950"}],"wp:attachment":[{"href":"https:\/\/migracao.redenoticia.com.br\/noticia\/wp-json\/wp\/v2\/media?parent=120784"}],"wp:term":[{"taxonomy":"category","embeddable":true,"href":"https:\/\/migracao.redenoticia.com.br\/noticia\/wp-json\/wp\/v2\/categories?post=120784"},{"taxonomy":"post_tag","embeddable":true,"href":"https:\/\/migracao.redenoticia.com.br\/noticia\/wp-json\/wp\/v2\/tags?post=120784"}],"curies":[{"name":"wp","href":"https:\/\/api.w.org\/{rel}","templated":true}]}}