{"id":120787,"date":"2017-09-08T16:36:42","date_gmt":"2017-09-08T19:36:42","guid":{"rendered":"https:\/\/www.redenoticia.com.br\/noticia\/?p=120787"},"modified":"2017-09-08T18:25:33","modified_gmt":"2017-09-08T21:25:33","slug":"resumo-novela-pega-pega-0909-malagueta-pega-o-chapeu-de-maria-pia","status":"publish","type":"post","link":"https:\/\/migracao.redenoticia.com.br\/noticia\/2017\/resumo-novela-pega-pega-0909-malagueta-pega-o-chapeu-de-maria-pia\/120787","title":{"rendered":"Resumo novela \u201cPega Pega\u201d 09\/09: J\u00falio e Ant\u00f4nia se beijam"},"content":{"rendered":"<p><img loading=\"lazy\" decoding=\"async\" class=\"alignleft size-thumbnail wp-image-114640\" src=\"https:\/\/migracao.redenoticia.com.br\/noticia\/imagens\/pega-pega-globo-novela-resumo-150x112.jpg\" alt=\"\" width=\"150\" height=\"112\" srcset=\"https:\/\/migracao.redenoticia.com.br\/noticia\/imagens\/pega-pega-globo-novela-resumo-150x112.jpg 150w, https:\/\/migracao.redenoticia.com.br\/noticia\/imagens\/pega-pega-globo-novela-resumo-265x198.jpg 265w\" sizes=\"auto, (max-width: 150px) 100vw, 150px\" \/><strong><em>Resumo novela \u201cPega Pega\u201d 08\/09<\/em><\/strong>: no cap\u00edtulo 083(*) da novela \u201cPega Pega\u201d, resumo de s\u00e1bado, 09 de setembro, Sabine ignora Madalena e Crist\u00f3v\u00e3o, e Dom ironiza sua atitude. Luiza \u00e9 rude com Maria Pia. Ant\u00f4nia decide investigar Sandra Helena. Dom recrimina Sabine. Eric e Malagueta admiram Maria Pia dan\u00e7ando. L\u00edgia vai ao Klub Strass \u00e0 procura de R\u00fabia. Arlete procura Atha\u00edde. Pedrinho fala com Atha\u00edde sobre o inqu\u00e9rito contra Eric a respeito da morte de Mirella. L\u00edgia vai ao camarim de R\u00fabia. Luiza decide contar sobre sua investiga\u00e7\u00e3o para Eric. T\u00e2nia faz Madalena se sentir culpada por seu comportamento durante o jantar. Crist\u00f3v\u00e3o n\u00e3o tolera a implic\u00e2ncia de Sabine. Ant\u00f4nia desabafa com Arlete. Eric gosta da atitude de Maria Pia. Ant\u00f4nia reage intrigada ao ouvir de Arlete o nome de Tim\u00f3teo. Luiza conta para Eric sobre sua conversa com Hermes. Maria Pia se insinua para Malagueta, que est\u00e1 com raiva por ter se apaixonado por ela. J\u00falio e Ant\u00f4nia se beijam.<\/p>\n<p>(*) edi\u00e7\u00e3o da Rede Globo, Novela \u201cPega Pega\u201d, sujeito a altera\u00e7\u00e3o de data e conte\u00fado.<\/p>\n<p>Pega Pega \u00e9 uma telenovela brasileira produzida pela Rede Globo, para o hor\u00e1rio das 19 horas. Ambientada no Rio de Janeiro, entre os bairros de Copacabana e Tijuca, Pega Pega tem como trama central o roubo ao Hotel Carioca Palace e seus desdobramentos na vida de cada um dos envolvidos, sejam eles h\u00f3spedes, suspeitos ou convidados do grande baile de gala. Assinando a autoria de uma novela pela primeira vez, Claudia Souto prop\u00f5e falar de \u00e9tica com bom humor, sob o ponto de vista de pessoas comuns.<\/p>\n","protected":false},"excerpt":{"rendered":"<p>Resumo novela \u201cPega Pega\u201d 08\/09: no cap\u00edtulo 083(*) da novela \u201cPega Pega\u201d, resumo de s\u00e1bado, 09 de setembro, Sabine ignora Madalena e Crist\u00f3v\u00e3o, e Dom ironiza sua atitude. Luiza \u00e9 rude com Maria Pia. Ant\u00f4nia decide investigar Sandra Helena. Dom recrimina Sabine. Eric e Malagueta admiram Maria Pia dan\u00e7ando. L\u00edgia vai ao Klub Strass \u00e0 [&hellip;]<\/p>\n","protected":false},"author":4,"featured_media":114640,"comment_status":"open","ping_status":"closed","sticky":false,"template":"","format":"standard","meta":{"tdm_status":"","tdm_grid_status":"","footnotes":""},"categories":[379,375,343],"tags":[441],"class_list":{"0":"post-120787","1":"post","2":"type-post","3":"status-publish","4":"format-standard","5":"has-post-thumbnail","7":"category-novelas","8":"category-rede-globo","9":"category-televisao","10":"tag-resumo-do-dia"},"_links":{"self":[{"href":"https:\/\/migracao.redenoticia.com.br\/noticia\/wp-json\/wp\/v2\/posts\/120787","targetHints":{"allow":["GET"]}}],"collection":[{"href":"https:\/\/migracao.redenoticia.com.br\/noticia\/wp-json\/wp\/v2\/posts"}],"about":[{"href":"https:\/\/migracao.redenoticia.com.br\/noticia\/wp-json\/wp\/v2\/types\/post"}],"author":[{"embeddable":true,"href":"https:\/\/migracao.redenoticia.com.br\/noticia\/wp-json\/wp\/v2\/users\/4"}],"replies":[{"embeddable":true,"href":"https:\/\/migracao.redenoticia.com.br\/noticia\/wp-json\/wp\/v2\/comments?post=120787"}],"version-history":[{"count":0,"href":"https:\/\/migracao.redenoticia.com.br\/noticia\/wp-json\/wp\/v2\/posts\/120787\/revisions"}],"wp:featuredmedia":[{"embeddable":true,"href":"https:\/\/migracao.redenoticia.com.br\/noticia\/wp-json\/wp\/v2\/media\/114640"}],"wp:attachment":[{"href":"https:\/\/migracao.redenoticia.com.br\/noticia\/wp-json\/wp\/v2\/media?parent=120787"}],"wp:term":[{"taxonomy":"category","embeddable":true,"href":"https:\/\/migracao.redenoticia.com.br\/noticia\/wp-json\/wp\/v2\/categories?post=120787"},{"taxonomy":"post_tag","embeddable":true,"href":"https:\/\/migracao.redenoticia.com.br\/noticia\/wp-json\/wp\/v2\/tags?post=120787"}],"curies":[{"name":"wp","href":"https:\/\/api.w.org\/{rel}","templated":true}]}}