{"id":120791,"date":"2017-09-09T00:04:27","date_gmt":"2017-09-09T03:04:27","guid":{"rendered":"https:\/\/www.redenoticia.com.br\/noticia\/?p=120791"},"modified":"2017-09-08T18:27:50","modified_gmt":"2017-09-08T21:27:50","slug":"resumo-novela-no-limite-da-paixao-1109-rosalia-procura-ana-e-a-critica","status":"publish","type":"post","link":"https:\/\/migracao.redenoticia.com.br\/noticia\/2017\/resumo-novela-no-limite-da-paixao-1109-rosalia-procura-ana-e-a-critica\/120791","title":{"rendered":"Resumo novela \u201cNo Limite da Paix\u00e3o\u201d 11\/09: Ros\u00e1lia procura Ana e a critica"},"content":{"rendered":"<p><img loading=\"lazy\" decoding=\"async\" class=\"alignleft size-thumbnail wp-image-113483\" src=\"https:\/\/migracao.redenoticia.com.br\/noticia\/imagens\/no-limite-da-paixao-novela-sbt-resumo-150x112.jpg\" alt=\"\" width=\"150\" height=\"112\" srcset=\"https:\/\/migracao.redenoticia.com.br\/noticia\/imagens\/no-limite-da-paixao-novela-sbt-resumo-150x112.jpg 150w, https:\/\/migracao.redenoticia.com.br\/noticia\/imagens\/no-limite-da-paixao-novela-sbt-resumo-265x198.jpg 265w\" sizes=\"auto, (max-width: 150px) 100vw, 150px\" \/><strong><em>Resumo novela \u201cNo Limite da Paix\u00e3o\u201d 11\/09<\/em><\/strong>: no cap\u00edtulo 081(*) da novela \u201cNo Limite da Paix\u00e3o\u201d, resumo de segunda-feira, 11 de setembro, C\u00e9lia leva Rebeca e Maria Madalena a um programa de r\u00e1dio. Depois de fazer v\u00e1rias perguntas o locutor aconselha Maria Madalena a denunciar o marido por estupro e agress\u00e3o. Quanto a Rebeca ele aconselha que deixe que os golpes da vida fa\u00e7am de seu filho um homem de bem. Caetana comenta com Ros\u00e1lia que pretende trabalhar na confec\u00e7\u00e3o que Louren\u00e7o vai abrir e pede a irm\u00e3 que a deixe morar com ela, pois j\u00e1 n\u00e3o suporta mais viver na mans\u00e3o dos Vila Real vendo Ot\u00e1vio e Ana Cristina juntos e felizes enquanto Frida est\u00e1 trancada em uma cl\u00ednica psiqui\u00e1trica. Maciel, furioso depois de ouvir o programa de r\u00e1dio, obriga Rebeca e Maria Madalena a subirem na caminhonete e deixa claro \u00e0 esposa que n\u00e3o vai ser nada f\u00e1cil se livrar dele. Ele faz amea\u00e7as, diz \u00e0s duas que se n\u00e3o o obedecerem se vingar\u00e1 de seus filhos. Ros\u00e1lia vai at\u00e9 a casa de Ana Cristina e a critica por estar vivendo com um homem casado. Ot\u00e1vio diz que ama Ana Cristina, que Frida sempre soube de seus sentimentos e que mesmo assim o obrigou a se casar com ela.<\/p>\n<p>(*) edi\u00e7\u00e3o do SBT, Novela \u201cNo Limite da Paix\u00e3o\u201d, sujeito a altera\u00e7\u00e3o de data e conte\u00fado.<\/p>\n<p>\u201cNo Limite da Paix\u00e3o\u201d \u00e9 uma telenovela mexicana produzida por Salvador Mej\u00eda Alejandre para a Televisa e exibida pelo Canal de las Estrellas entre 11 de fevereiro e 2 de agosto de 2002. A trama \u00e9 baseada em Cadena de odio, uma radionovela de Hilda Morales Allois. Foi adaptada livremente por Liliana Abud, dire\u00e7\u00e3o de Miguel C\u00f3rcega e produ\u00e7\u00e3o executiva de Nathalie Lartilleux. A trama \u00e9 protagonizada por Susana Gonz\u00e1lez e C\u00e9sar \u00c9vora e antagonizada por Sabine Moussier e Alberto Estrella.<\/p>\n<p>Sinopse: Ana Cristina e Ot\u00e1vio ter\u00e3o que ultrapassar as barreiras das mentiras e enfrentar o sentimento que os condena. Rodeados das m\u00e1s inten\u00e7\u00f5es de seus inimigos, e os problemas que ter\u00e3o um a um at\u00e9 chegar a sua meta: estar juntos sem importar o passado. Ana Cristina \u00e9 uma jovem charmosa e de car\u00e1ter forte, \u00e9 a protegida de seu av\u00f4, Fernando Villareal. Quando Fernando fica doente, seu sobrinho Ot\u00e1vio Villareal, um homem cheio de rancor porque seu tio impediu seu casamento com sua amada Frida, viaja para v\u00ea-lo. Fernando morre, deixando em seu testamento a f\u00e1brica de sapatos para Ot\u00e1vio e Ana Cristina: eles s\u00e3o sua \u00fanica fam\u00edlia, mas como condi\u00e7\u00e3o devem se casar e viver juntos um ano antes de decidir o que fazer com a empresa. Maciel, o capataz das terras Villareal, come\u00e7a a caluniar a inofensiva Ana Cristina e convence Ot\u00e1vio para que busque Frida. Sem imaginar, com a conviv\u00eancia cresce um amor profundo entre os dois: ambos s\u00e3o v\u00edtimas de um grande \u00f3dio por parte de Maciel e Frida, ex-prometida de Ot\u00e1vio, que fazem at\u00e9 o imposs\u00edvel para separar os dois. Ot\u00e1vio dever\u00e1 decidir entre o filho que espera agora sua amada esposa Ana Cristina, e o filho de sua amante Frida que, na verdade, n\u00e3o \u00e9 seu. Mas a chegada de Martha, uma mulher misteriosa e obscura vai mudar completamente e vida de Ana Cristina e Ot\u00e1vio. Ela far\u00e1 de tudo para defender Ana Cristina nem que para isso precise revelar um grande segredo que guarda.<\/p>\n","protected":false},"excerpt":{"rendered":"<p>Resumo novela \u201cNo Limite da Paix\u00e3o\u201d 11\/09: no cap\u00edtulo 081(*) da novela \u201cNo Limite da Paix\u00e3o\u201d, resumo de segunda-feira, 11 de setembro, C\u00e9lia leva Rebeca e Maria Madalena a um programa de r\u00e1dio. Depois de fazer v\u00e1rias perguntas o locutor aconselha Maria Madalena a denunciar o marido por estupro e agress\u00e3o. Quanto a Rebeca ele [&hellip;]<\/p>\n","protected":false},"author":4,"featured_media":113483,"comment_status":"open","ping_status":"closed","sticky":false,"template":"","format":"standard","meta":{"tdm_status":"","tdm_grid_status":"","footnotes":""},"categories":[379,343],"tags":[441],"class_list":{"0":"post-120791","1":"post","2":"type-post","3":"status-publish","4":"format-standard","5":"has-post-thumbnail","7":"category-novelas","8":"category-televisao","9":"tag-resumo-do-dia"},"_links":{"self":[{"href":"https:\/\/migracao.redenoticia.com.br\/noticia\/wp-json\/wp\/v2\/posts\/120791","targetHints":{"allow":["GET"]}}],"collection":[{"href":"https:\/\/migracao.redenoticia.com.br\/noticia\/wp-json\/wp\/v2\/posts"}],"about":[{"href":"https:\/\/migracao.redenoticia.com.br\/noticia\/wp-json\/wp\/v2\/types\/post"}],"author":[{"embeddable":true,"href":"https:\/\/migracao.redenoticia.com.br\/noticia\/wp-json\/wp\/v2\/users\/4"}],"replies":[{"embeddable":true,"href":"https:\/\/migracao.redenoticia.com.br\/noticia\/wp-json\/wp\/v2\/comments?post=120791"}],"version-history":[{"count":0,"href":"https:\/\/migracao.redenoticia.com.br\/noticia\/wp-json\/wp\/v2\/posts\/120791\/revisions"}],"wp:featuredmedia":[{"embeddable":true,"href":"https:\/\/migracao.redenoticia.com.br\/noticia\/wp-json\/wp\/v2\/media\/113483"}],"wp:attachment":[{"href":"https:\/\/migracao.redenoticia.com.br\/noticia\/wp-json\/wp\/v2\/media?parent=120791"}],"wp:term":[{"taxonomy":"category","embeddable":true,"href":"https:\/\/migracao.redenoticia.com.br\/noticia\/wp-json\/wp\/v2\/categories?post=120791"},{"taxonomy":"post_tag","embeddable":true,"href":"https:\/\/migracao.redenoticia.com.br\/noticia\/wp-json\/wp\/v2\/tags?post=120791"}],"curies":[{"name":"wp","href":"https:\/\/api.w.org\/{rel}","templated":true}]}}