{"id":120820,"date":"2017-09-08T18:18:46","date_gmt":"2017-09-08T21:18:46","guid":{"rendered":"https:\/\/www.redenoticia.com.br\/noticia\/?p=120820"},"modified":"2017-09-08T21:12:11","modified_gmt":"2017-09-09T00:12:11","slug":"novela-belaventura-resumo-1109-pietra-paralisa-ao-ver-fernao-e-marion","status":"publish","type":"post","link":"https:\/\/migracao.redenoticia.com.br\/noticia\/2017\/novela-belaventura-resumo-1109-pietra-paralisa-ao-ver-fernao-e-marion\/120820","title":{"rendered":"Novela \u201cBelaventura\u201d resumo 11\/09: Pietra paralisa ao ver Fern\u00e3o e Marion"},"content":{"rendered":"<p> <strong><em><img loading=\"lazy\" decoding=\"async\" class=\"alignleft size-thumbnail wp-image-117590\" src=\"https:\/\/migracao.redenoticia.com.br\/noticia\/imagens\/belaventura_record_novela_resumo-150x112.jpg\" alt=\"\" width=\"150\" height=\"112\" srcset=\"https:\/\/migracao.redenoticia.com.br\/noticia\/imagens\/belaventura_record_novela_resumo-150x112.jpg 150w, https:\/\/migracao.redenoticia.com.br\/noticia\/imagens\/belaventura_record_novela_resumo-265x198.jpg 265w\" sizes=\"auto, (max-width: 150px) 100vw, 150px\" \/>Novela \u201cBelaventura\u201d resumo 11\/09<\/em><\/strong>: no capitulo 035 (*) da novela \u201cBelaventura\u201d, segunda-feira, 11 de setembro, Pietra grita por socorro e \u00e9 capturada pelos guardas de Nodier. \u00c9 quando chegam Daros, Gregor e T\u00e1citus. Eles lutam com os guardas e liberta Pietra. Dulcin\u00e9a est\u00e1 limpando as mesas do sal\u00e3o e \u00e9 observada por Falstaff e sente dores na regi\u00e3o da barriga. Falstaff diz que Dulcin\u00e9a est\u00e1 gr\u00e1vida. Falstaff sorri e Dulcin\u00e9a se aproxima cabisbaixa e pede para ir embora. Enrico se aproxima da cama de Lizabeta e diz que vai salv\u00e1-la. Pietra diz a Daros que precisa voltar ao castelo. Pietra chora e Daros d\u00e1 um len\u00e7o a ela. Pietra abre o len\u00e7o e v\u00ea um cord\u00e3o. Daros diz que encontrou o cord\u00e3o na mata. Pietra diz que \u00e9 muito mais que um simples cord\u00e3o e de repente s\u00e3o surpreendidos por Nodier. Pietra sai correndo e Daros impede Nodier de ir atr\u00e1s dela. Fern\u00e3o entrega a caixa para Otoniel mas avisa que n\u00e3o sabe como abri-la. Pietra foge pela mata e ouve os gritos de socorro de Accalon que est\u00e1 preso em uma gruta. Em um casebre, Pietra e Accalon encontram com Bartolion. Pietra diz que foi salva por Accalon e que precisa contar a Enrico que foi v\u00edtima de uma armadilha. Bartolion diz a Pietra que ela talvez seja a \u00fanica que possa salvar Lizabeta&#8230;.na sala do trono, Otoniel e Severo se encaram diante de todos os presentes. <\/p>\n<p>Pietra est\u00e1 espantada diante de Bartolion. Accalon retira algo de sua bolsa, colocando sobre a mesa o frasco e o pergaminho que encontrou num esconderijo na floresta. Na rua, Nodier mostra o cr\u00e2nio a todos e diz que h\u00e1 uma bruxa na vila. Bartolion recebe uma mensagem da guarda real para comparecer ao castelo. Mistral l\u00ea o pergaminho com as regras da luta diante de todos os convidados. Jacques aceita as condi\u00e7\u00f5es. Tiana est\u00e1 preocupada diante de Joniel para saber se o conde Severo autorizaria o casamento de Gonzalo e Brione. Dulcin\u00e9a incr\u00e9dula, chora bastante e leva a m\u00e3o a barriga. Nodier chega furioso e procura por Pietra. Falstaff diz que ela n\u00e3o est\u00e1. <\/p>\n<p>Dulcin\u00e9a ouve toda a conversa sem ser vista. Carmona discute com Tamar que trocou o casamento com Enrico por um homem mais velho. Otoniel pede que Mistral traga as armas. Jacques e Enrico se encaram, ambos com as espadas em punho. Pietra observa os pergaminhos e o frasco e comenta com Accalon que sua m\u00e3e nunca contou nada a respeito de venenos e ant\u00eddotos. Pietra tem alguns pensamentos da inf\u00e2ncia. Em seguida, j\u00e1 pega o frasco e coloca l\u00edquido dentro e pega uma semente e coloca no frasco e p\u00f5e no fogo. Enrico e Jacques lutam. Pietra observa o l\u00edquido mudar de cor ao passar pelo fogo. <\/p>\n<p>Accalon est\u00e1 surpreso. Dulcin\u00e9a diz a Tiana que est\u00e1 gr\u00e1vida de Fasltaff e se sente envergonhada. Pietra e Accalon voltam para o castelo. Cedric, a pedido de Marion, liberta Fern\u00e3o da masmorra. Severo arrasta a ponta de sua espada no ch\u00e3o, como se a estivesse afiando, s\u00f3 para provocar Otoniel. Otoniel parte para cima de Severo. No castelo, Pietra est\u00e1 escondida. Pietra paralisa ao ver Fern\u00e3o e Marion. Otoniel derruba Severo e grita para que ele salve Lizabeta. Severo fecha os olhos, ficando desacordado, na tens\u00e3o de todos.<\/p>\n<p>(*) edi\u00e7\u00e3o da Rede Record, Novela \u201cBelaventura\u201d, sujeito a altera\u00e7\u00e3o de data e conte\u00fado.<\/p>\n<p>\u201cBelaventura\u201d \u00e9 uma telenovela brasileira produzida pela RecordTV em parceria com a produtora Casablanca e exibida pela emissora a partir de 25 de julho de 2017 com previs\u00e3o de 150 cap\u00edtulos, substituindo a reprise de A Escrava Isaura. A trama \u00e9 a terceira exibida no hor\u00e1rio como novela das sete desde a reabertura da faixa para telenovelas, ocupada com telejornais at\u00e9 a estreia de Escrava M\u00e3e, em 2016. Foi a 28\u00aa novela exibida pela emissora desde a retomada da dramaturgia em 2004. Escrita por Gustavo Reiz com colabora\u00e7\u00e3o de Aline Garbati, Jussara Fazolo, Mariana Vielmond e Marco Borges, tendo dire\u00e7\u00e3o geral de Ivan Zettel e dire\u00e7\u00e3o art\u00edstica de Roberto Bomtempo. \u201cBelaventura\u201d foi a terceira telenovela brasileira gravada em resolu\u00e7\u00e3o 4K (UHDTV), formato superior ao HD usada nas produ\u00e7\u00f5es at\u00e9 ent\u00e3o, utilizando-se da mesma tecnologia dos filmes estadunidenses, sendo as duas anteriores tamb\u00e9m da RecordTV.<\/p>\n","protected":false},"excerpt":{"rendered":"<p>Novela \u201cBelaventura\u201d resumo 11\/09: no capitulo 035 (*) da novela \u201cBelaventura\u201d, segunda-feira, 11 de setembro, Pietra grita por socorro e \u00e9 capturada pelos guardas de Nodier. \u00c9 quando chegam Daros, Gregor e T\u00e1citus. Eles lutam com os guardas e liberta Pietra. Dulcin\u00e9a est\u00e1 limpando as mesas do sal\u00e3o e \u00e9 observada por Falstaff e sente [&hellip;]<\/p>\n","protected":false},"author":2,"featured_media":117590,"comment_status":"open","ping_status":"closed","sticky":false,"template":"","format":"standard","meta":{"tdm_status":"","tdm_grid_status":"","footnotes":""},"categories":[379,371,343],"tags":[441],"class_list":{"0":"post-120820","1":"post","2":"type-post","3":"status-publish","4":"format-standard","5":"has-post-thumbnail","7":"category-novelas","8":"category-rede-record","9":"category-televisao","10":"tag-resumo-do-dia"},"_links":{"self":[{"href":"https:\/\/migracao.redenoticia.com.br\/noticia\/wp-json\/wp\/v2\/posts\/120820","targetHints":{"allow":["GET"]}}],"collection":[{"href":"https:\/\/migracao.redenoticia.com.br\/noticia\/wp-json\/wp\/v2\/posts"}],"about":[{"href":"https:\/\/migracao.redenoticia.com.br\/noticia\/wp-json\/wp\/v2\/types\/post"}],"author":[{"embeddable":true,"href":"https:\/\/migracao.redenoticia.com.br\/noticia\/wp-json\/wp\/v2\/users\/2"}],"replies":[{"embeddable":true,"href":"https:\/\/migracao.redenoticia.com.br\/noticia\/wp-json\/wp\/v2\/comments?post=120820"}],"version-history":[{"count":0,"href":"https:\/\/migracao.redenoticia.com.br\/noticia\/wp-json\/wp\/v2\/posts\/120820\/revisions"}],"wp:featuredmedia":[{"embeddable":true,"href":"https:\/\/migracao.redenoticia.com.br\/noticia\/wp-json\/wp\/v2\/media\/117590"}],"wp:attachment":[{"href":"https:\/\/migracao.redenoticia.com.br\/noticia\/wp-json\/wp\/v2\/media?parent=120820"}],"wp:term":[{"taxonomy":"category","embeddable":true,"href":"https:\/\/migracao.redenoticia.com.br\/noticia\/wp-json\/wp\/v2\/categories?post=120820"},{"taxonomy":"post_tag","embeddable":true,"href":"https:\/\/migracao.redenoticia.com.br\/noticia\/wp-json\/wp\/v2\/tags?post=120820"}],"curies":[{"name":"wp","href":"https:\/\/api.w.org\/{rel}","templated":true}]}}