{"id":120822,"date":"2017-09-08T18:20:08","date_gmt":"2017-09-08T21:20:08","guid":{"rendered":"https:\/\/www.redenoticia.com.br\/noticia\/?p=120822"},"modified":"2017-09-11T21:49:58","modified_gmt":"2017-09-12T00:49:58","slug":"novela-o-rico-e-lazaro-resumo-1109-nebuzarada-e-questionado-por-nabucodonosor","status":"publish","type":"post","link":"https:\/\/migracao.redenoticia.com.br\/noticia\/2017\/novela-o-rico-e-lazaro-resumo-1109-nebuzarada-e-questionado-por-nabucodonosor\/120822","title":{"rendered":"Novela \u201cO Rico e L\u00e1zaro\u201d resumo 11\/09: Rebeca pede para Asher n\u00e3o desistir de Joana"},"content":{"rendered":"<p> <img loading=\"lazy\" decoding=\"async\" class=\"alignleft size-thumbnail wp-image-107948\" src=\"https:\/\/migracao.redenoticia.com.br\/noticia\/imagens\/o_rico_e_o_lazaro_resumo_novela_record-150x112.jpg\" alt=\"\" width=\"150\" height=\"112\" srcset=\"https:\/\/migracao.redenoticia.com.br\/noticia\/imagens\/o_rico_e_o_lazaro_resumo_novela_record-150x112.jpg 150w, https:\/\/migracao.redenoticia.com.br\/noticia\/imagens\/o_rico_e_o_lazaro_resumo_novela_record-265x198.jpg 265w\" sizes=\"auto, (max-width: 150px) 100vw, 150px\" \/><strong><em>Novela \u201cO Rico e L\u00e1zaro\u201d resumo 11\/09<\/em><\/strong>: no capitulo 131(*) da novela \u201cO Rico e L\u00e1zaro\u201d, segunda-feira, 11 de setembro, Rebeca vai at\u00e9 o pal\u00e1cio para dizer toda a verdade para Asher. Joana se recorda do reencontro com o grande amor. Rebeca diz que Joana sempre amou Asher. Dana diz para Joana manter a f\u00e9. Rebeca pede para Asher n\u00e3o desistir de Joana. Shamiran diz que Evil deve manter a for\u00e7a para enfrentar Nebuzarad\u00e3. Arioque tenta ajudar Shag-Shag. <\/p>\n<p>Daniel cuida de seu beb\u00ea. Joana diz para Matias valorizar Gadise. Rebeca chega e diz que falou com Asher. Matias surpreende a todos ao dizer que prefere repudiar Gadise. Matias diz que quer ver Gadise longe. Zadoque pede para falar com o neto. Em conversa com Rebeca, Joana n\u00e3o consegue explicar a raz\u00e3o de estar casando com Zac. Arioque diz que Shag-Shag precisa se dar valor. Tamir e Shamir falam da briga com Larsa. Matias \u00e9 surpreendido com a chegada de Ebede-Meleque. <\/p>\n<p>Rebeca cobra uma resposta de Joana. Ebede tenta se explicar para Matias. Saul pergunta se ele expulsar\u00e1 Gadise. Malca sofre ao ver Zac falando de Joana. Decidido, Matias diz preferir que Gadise saia de casa. Saul fica irritado com Gadise. Shag-Shag dispensa a companhia de Arioque. Zelfa tenta amparar Malca. Elga avisa que logo casar\u00e1 com Fassur. Belsazar n\u00e3o escuta Nabonido. Zac pede para adiantar o casamento com Joana e marca a cerim\u00f4nia para o dia seguinte. Zadoque estranha a tristeza de Joana.<\/p>\n<p>(*) edi\u00e7\u00e3o da Rede Record, Novela \u201cO Rico e L\u00e1zaro\u201d, sujeito a altera\u00e7\u00e3o de data e conte\u00fado.<\/p>\n","protected":false},"excerpt":{"rendered":"<p>Novela \u201cO Rico e L\u00e1zaro\u201d resumo 11\/09: no capitulo 131(*) da novela \u201cO Rico e L\u00e1zaro\u201d, segunda-feira, 11 de setembro, Rebeca vai at\u00e9 o pal\u00e1cio para dizer toda a verdade para Asher. Joana se recorda do reencontro com o grande amor. Rebeca diz que Joana sempre amou Asher. Dana diz para Joana manter a f\u00e9. [&hellip;]<\/p>\n","protected":false},"author":2,"featured_media":107948,"comment_status":"open","ping_status":"closed","sticky":false,"template":"","format":"standard","meta":{"tdm_status":"","tdm_grid_status":"","footnotes":""},"categories":[379,371,343],"tags":[441],"class_list":{"0":"post-120822","1":"post","2":"type-post","3":"status-publish","4":"format-standard","5":"has-post-thumbnail","7":"category-novelas","8":"category-rede-record","9":"category-televisao","10":"tag-resumo-do-dia"},"_links":{"self":[{"href":"https:\/\/migracao.redenoticia.com.br\/noticia\/wp-json\/wp\/v2\/posts\/120822","targetHints":{"allow":["GET"]}}],"collection":[{"href":"https:\/\/migracao.redenoticia.com.br\/noticia\/wp-json\/wp\/v2\/posts"}],"about":[{"href":"https:\/\/migracao.redenoticia.com.br\/noticia\/wp-json\/wp\/v2\/types\/post"}],"author":[{"embeddable":true,"href":"https:\/\/migracao.redenoticia.com.br\/noticia\/wp-json\/wp\/v2\/users\/2"}],"replies":[{"embeddable":true,"href":"https:\/\/migracao.redenoticia.com.br\/noticia\/wp-json\/wp\/v2\/comments?post=120822"}],"version-history":[{"count":0,"href":"https:\/\/migracao.redenoticia.com.br\/noticia\/wp-json\/wp\/v2\/posts\/120822\/revisions"}],"wp:featuredmedia":[{"embeddable":true,"href":"https:\/\/migracao.redenoticia.com.br\/noticia\/wp-json\/wp\/v2\/media\/107948"}],"wp:attachment":[{"href":"https:\/\/migracao.redenoticia.com.br\/noticia\/wp-json\/wp\/v2\/media?parent=120822"}],"wp:term":[{"taxonomy":"category","embeddable":true,"href":"https:\/\/migracao.redenoticia.com.br\/noticia\/wp-json\/wp\/v2\/categories?post=120822"},{"taxonomy":"post_tag","embeddable":true,"href":"https:\/\/migracao.redenoticia.com.br\/noticia\/wp-json\/wp\/v2\/tags?post=120822"}],"curies":[{"name":"wp","href":"https:\/\/api.w.org\/{rel}","templated":true}]}}