{"id":1209,"date":"2009-05-05T17:18:54","date_gmt":"2009-05-05T21:18:54","guid":{"rendered":"http:\/\/www.redenoticia.com.br\/noticia\/?p=1209"},"modified":"2009-05-05T17:18:54","modified_gmt":"2009-05-05T21:18:54","slug":"gemeos-flavio-e-gustavo-na-1%c2%aa-fecomind","status":"publish","type":"post","link":"https:\/\/migracao.redenoticia.com.br\/noticia\/2009\/gemeos-flavio-e-gustavo-na-1%c2%aa-fecomind\/1209","title":{"rendered":"G\u00eameos Fl\u00e1vio e Gustavo na 1\u00aa Fecomind"},"content":{"rendered":"<p class=\"MsoNormal\">O colunista Tergon confirmou a presen\u00e7a dos G\u00eameos Fl\u00e1vio e Gustavo na 1\u00aa Fecomind em Ji-Paran\u00e1.<\/p>\n<p class=\"MsoNormal\">Eles estar\u00e3o sexta feira (8) no stand de uma revenda de celular, concession\u00e1ria da Oi Brasil Telecom, recebendo os convidados e f\u00e3s.<\/p>\n<p class=\"MsoNormal\">A 1\u00aa Fecomind, uma realiza\u00e7\u00e3o da Associa\u00e7\u00e3o Comercial e Industrial de Ji-Paran\u00e1 (ACIJIP), estar\u00e1 aberta ao p\u00fablico no centro esportivo Gerivaldo Jos\u00e9 de Souza, o Gerivald\u00e3o, de 7 a 10 de maio, a partir das 16 horas.<\/p>\n","protected":false},"excerpt":{"rendered":"<p>O colunista Tergon confirmou a presen\u00e7a dos G\u00eameos Fl\u00e1vio e Gustavo na 1\u00aa Fecomind em Ji-Paran\u00e1. Eles estar\u00e3o sexta feira (8) no stand de uma revenda de celular, concession\u00e1ria da Oi Brasil Telecom, recebendo os convidados e f\u00e3s. A 1\u00aa Fecomind, uma realiza\u00e7\u00e3o da Associa\u00e7\u00e3o Comercial e Industrial de Ji-Paran\u00e1 (ACIJIP), estar\u00e1 aberta ao p\u00fablico [&hellip;]<\/p>\n","protected":false},"author":3,"featured_media":0,"comment_status":"open","ping_status":"open","sticky":false,"template":"","format":"standard","meta":{"tdm_status":"","tdm_grid_status":"","footnotes":""},"categories":[22],"tags":[],"class_list":{"0":"post-1209","1":"post","2":"type-post","3":"status-publish","4":"format-standard","6":"category-brasil"},"_links":{"self":[{"href":"https:\/\/migracao.redenoticia.com.br\/noticia\/wp-json\/wp\/v2\/posts\/1209","targetHints":{"allow":["GET"]}}],"collection":[{"href":"https:\/\/migracao.redenoticia.com.br\/noticia\/wp-json\/wp\/v2\/posts"}],"about":[{"href":"https:\/\/migracao.redenoticia.com.br\/noticia\/wp-json\/wp\/v2\/types\/post"}],"author":[{"embeddable":true,"href":"https:\/\/migracao.redenoticia.com.br\/noticia\/wp-json\/wp\/v2\/users\/3"}],"replies":[{"embeddable":true,"href":"https:\/\/migracao.redenoticia.com.br\/noticia\/wp-json\/wp\/v2\/comments?post=1209"}],"version-history":[{"count":0,"href":"https:\/\/migracao.redenoticia.com.br\/noticia\/wp-json\/wp\/v2\/posts\/1209\/revisions"}],"wp:attachment":[{"href":"https:\/\/migracao.redenoticia.com.br\/noticia\/wp-json\/wp\/v2\/media?parent=1209"}],"wp:term":[{"taxonomy":"category","embeddable":true,"href":"https:\/\/migracao.redenoticia.com.br\/noticia\/wp-json\/wp\/v2\/categories?post=1209"},{"taxonomy":"post_tag","embeddable":true,"href":"https:\/\/migracao.redenoticia.com.br\/noticia\/wp-json\/wp\/v2\/tags?post=1209"}],"curies":[{"name":"wp","href":"https:\/\/api.w.org\/{rel}","templated":true}]}}