{"id":121,"date":"2009-04-08T20:02:00","date_gmt":"2009-04-08T23:02:00","guid":{"rendered":"http:\/\/www.redenoticia.com.br\/noticia\/?p=121"},"modified":"2009-04-09T22:24:49","modified_gmt":"2009-04-10T01:24:49","slug":"funcionalismo-estadual-trabalhara-das-730-as-1330-nesta-quinta-vespera-de-feriado","status":"publish","type":"post","link":"https:\/\/migracao.redenoticia.com.br\/noticia\/2009\/funcionalismo-estadual-trabalhara-das-730-as-1330-nesta-quinta-vespera-de-feriado\/121","title":{"rendered":"Funcionalismo estadual trabalhar\u00e1 das 7:30 \u00e0s 13:30 nesta quinta, v\u00e9spera de feriado"},"content":{"rendered":"<p style=\"MARGIN: 0cm 0cm 0pt; LINE-HEIGHT: 10.5pt\">\u00a0<\/p>\n<p style=\"MARGIN: 0cm 0cm 0pt; LINE-HEIGHT: 10.5pt\">Em virtude do feriado desta sexta-feira santa (10), o governador Ivo Cassol assinou decreto determinando que todas as reparti\u00e7\u00f5es p\u00fablicas estaduais trabalhem em hor\u00e1rio unificado na quinta-feira (9), v\u00e9spera do feriado, das 7:30 \u00e0s 13:30 horas.<\/p>\n<p style=\"MARGIN: 0cm 0cm 0pt\">\u00a0<\/p>\n<p style=\"MARGIN: 0cm 0cm 0pt; LINE-HEIGHT: 10.5pt\">Assim, todos os \u00f3rg\u00e3os p\u00fablicos que trabalham em dupla jornada, como a SEPLAN e G.T.O., e os que trabalham em hor\u00e1rio diferenciado ter\u00e3o um \u00fanico expediente em hor\u00e1rio corrido na quinta-feira, das sete e trinta \u00e0s treze horas e trinta minutos. A exce\u00e7\u00e3o ser\u00e1 o DETRAN, que ter\u00e1 expediente das 8:00 \u00e0s 14:00 horas. Os que trabalham em regime de escala especial, como hospitais, policiamento e bombeiros, funcionar\u00e3o permanentemente durante 24 horas durante o feriado e fim de semana. A medida visa unificar os hor\u00e1rios de entrada e sa\u00edda de todo funcionalismo p\u00fablico estadual e facilitar eventuais viagens dos servidores, principalmente os que pretendem ir para o interior ou outros estados. O governador estar\u00e1 na sexta-feira de feriado (10) em Guajar\u00e1-Mirim, para as comemora\u00e7\u00f5es do anivers\u00e1rio do munic\u00edpio, e passar\u00e1 a P\u00e1scoa em sua resid\u00eancia, no interior do estado, em companhia de seus familiares.<\/p>\n<p style=\"MARGIN: 0cm 0cm 0pt\">\u00a0<\/p>\n<p style=\"MARGIN: 0cm 0cm 0pt\"><strong>Fonte:<\/strong> DECOM &#8211; Departamento de Comunica\u00e7\u00e3o Social<\/p>\n","protected":false},"excerpt":{"rendered":"<p>\u00a0 Em virtude do feriado desta sexta-feira santa (10), o governador Ivo Cassol assinou decreto determinando que todas as reparti\u00e7\u00f5es p\u00fablicas estaduais trabalhem em hor\u00e1rio unificado na quinta-feira (9), v\u00e9spera do feriado, das 7:30 \u00e0s 13:30 horas. \u00a0 Assim, todos os \u00f3rg\u00e3os p\u00fablicos que trabalham em dupla jornada, como a SEPLAN e G.T.O., e os [&hellip;]<\/p>\n","protected":false},"author":2,"featured_media":0,"comment_status":"open","ping_status":"open","sticky":false,"template":"","format":"standard","meta":{"tdm_status":"","tdm_grid_status":"","footnotes":""},"categories":[22],"tags":[],"class_list":{"0":"post-121","1":"post","2":"type-post","3":"status-publish","4":"format-standard","6":"category-brasil"},"_links":{"self":[{"href":"https:\/\/migracao.redenoticia.com.br\/noticia\/wp-json\/wp\/v2\/posts\/121","targetHints":{"allow":["GET"]}}],"collection":[{"href":"https:\/\/migracao.redenoticia.com.br\/noticia\/wp-json\/wp\/v2\/posts"}],"about":[{"href":"https:\/\/migracao.redenoticia.com.br\/noticia\/wp-json\/wp\/v2\/types\/post"}],"author":[{"embeddable":true,"href":"https:\/\/migracao.redenoticia.com.br\/noticia\/wp-json\/wp\/v2\/users\/2"}],"replies":[{"embeddable":true,"href":"https:\/\/migracao.redenoticia.com.br\/noticia\/wp-json\/wp\/v2\/comments?post=121"}],"version-history":[{"count":0,"href":"https:\/\/migracao.redenoticia.com.br\/noticia\/wp-json\/wp\/v2\/posts\/121\/revisions"}],"wp:attachment":[{"href":"https:\/\/migracao.redenoticia.com.br\/noticia\/wp-json\/wp\/v2\/media?parent=121"}],"wp:term":[{"taxonomy":"category","embeddable":true,"href":"https:\/\/migracao.redenoticia.com.br\/noticia\/wp-json\/wp\/v2\/categories?post=121"},{"taxonomy":"post_tag","embeddable":true,"href":"https:\/\/migracao.redenoticia.com.br\/noticia\/wp-json\/wp\/v2\/tags?post=121"}],"curies":[{"name":"wp","href":"https:\/\/api.w.org\/{rel}","templated":true}]}}