{"id":121024,"date":"2017-09-13T00:06:30","date_gmt":"2017-09-13T03:06:30","guid":{"rendered":"https:\/\/www.redenoticia.com.br\/noticia\/?p=121024"},"modified":"2017-09-12T16:06:28","modified_gmt":"2017-09-12T19:06:28","slug":"treinamento-tecnico-em-geociencias-e-computacao-com-bolsa-da-fapesp","status":"publish","type":"post","link":"https:\/\/migracao.redenoticia.com.br\/noticia\/2017\/treinamento-tecnico-em-geociencias-e-computacao-com-bolsa-da-fapesp\/121024","title":{"rendered":"Treinamento T\u00e9cnico em Geoci\u00eancias e Computa\u00e7\u00e3o com Bolsa da FAPESP"},"content":{"rendered":"<p> Ag\u00eancia FAPESP\u00a0\u2013 A Universidade do Vale do Para\u00edba (Univap) oferece uma oportunidade de <strong><em>Treinamento T\u00e9cnico<\/em><\/strong> (TT-2) em Geoci\u00eancia e Computa\u00e7\u00e3o com Bolsa da FAPESP. O prazo de inscri\u00e7\u00e3o acaba no dia 20 de setembro de 2017. A Bolsa est\u00e1 vinculada ao projeto \u201c\u201d, um Aux\u00edlio \u00e0 Pesquisa Regular da FAPESP.<\/p>\n<p>O bolsista selecionado atuar\u00e1 no Laborat\u00f3rio de F\u00edsica e Astronomia da Univap, campus Urbanova, participando do desenvolvimento de ferramentas computacionais para a an\u00e1lise e visualiza\u00e7\u00e3o de dados coletados pelas esta\u00e7\u00f5es GPS. Ser\u00e3o abordados no decorrer desta bolsa: manipula\u00e7\u00e3o de arquivos, opera\u00e7\u00f5es com matrizes e plotagem de gr\u00e1ficos.<\/p>\n<p>Os candidatos devem ser alunos do \u00faltimo ano das faculdades de Geoci\u00eancias e Computa\u00e7\u00e3o ou egressos do n\u00edvel m\u00e9dio t\u00e9cnico. Os interessados devem entrar em contato com o professor respons\u00e1vel pelo projeto,\u00a0Valdir Gil Pillat, pelo e-mail\u00a0valdirgp@univap.br.<\/p>\n<p>A oportunidade est\u00e1 publicada em\u00a0.<\/p>\n<p>A Bolsa de TT-2 tem valor de R$ 854,40 e \u00e9 direcionada para alunos do \u00faltimo ano ou egressos do n\u00edvel m\u00e9dio t\u00e9cnico, sem reprova\u00e7\u00f5es em seu hist\u00f3rico escolar e sem v\u00ednculo empregat\u00edcio, com dedica\u00e7\u00e3o de 16 a 40 horas semanais (o valor da Bolsa a ser paga ser\u00e1 proporcional ao n\u00famero de horas semanais) \u00e0s atividades de apoio ao projeto de pesquisa.<\/p>\n<p>Para mais informa\u00e7\u00f5es sobre as bolsas de Treinamento T\u00e9cnico acesse\u00a0\u00a0e\u00a0.<\/p>\n<p>Outras vagas de bolsas, em diversas \u00e1reas do conhecimento, est\u00e3o no site FAPESP-Oportunidades, em\u00a0.<\/p>\n","protected":false},"excerpt":{"rendered":"<p>Ag\u00eancia FAPESP\u00a0\u2013 A Universidade do Vale do Para\u00edba (Univap) oferece uma oportunidade de Treinamento T\u00e9cnico (TT-2) em Geoci\u00eancia e Computa\u00e7\u00e3o com Bolsa da FAPESP. O prazo de inscri\u00e7\u00e3o acaba no dia 20 de setembro de 2017. A Bolsa est\u00e1 vinculada ao projeto \u201c\u201d, um Aux\u00edlio \u00e0 Pesquisa Regular da FAPESP. O bolsista selecionado atuar\u00e1 no [&hellip;]<\/p>\n","protected":false},"author":2,"featured_media":37419,"comment_status":"open","ping_status":"closed","sticky":false,"template":"","format":"standard","meta":{"tdm_status":"","tdm_grid_status":"","footnotes":""},"categories":[22,351,370],"tags":[],"class_list":{"0":"post-121024","1":"post","2":"type-post","3":"status-publish","4":"format-standard","5":"has-post-thumbnail","7":"category-brasil","8":"category-cursos","9":"category-inscricao"},"_links":{"self":[{"href":"https:\/\/migracao.redenoticia.com.br\/noticia\/wp-json\/wp\/v2\/posts\/121024","targetHints":{"allow":["GET"]}}],"collection":[{"href":"https:\/\/migracao.redenoticia.com.br\/noticia\/wp-json\/wp\/v2\/posts"}],"about":[{"href":"https:\/\/migracao.redenoticia.com.br\/noticia\/wp-json\/wp\/v2\/types\/post"}],"author":[{"embeddable":true,"href":"https:\/\/migracao.redenoticia.com.br\/noticia\/wp-json\/wp\/v2\/users\/2"}],"replies":[{"embeddable":true,"href":"https:\/\/migracao.redenoticia.com.br\/noticia\/wp-json\/wp\/v2\/comments?post=121024"}],"version-history":[{"count":0,"href":"https:\/\/migracao.redenoticia.com.br\/noticia\/wp-json\/wp\/v2\/posts\/121024\/revisions"}],"wp:featuredmedia":[{"embeddable":true,"href":"https:\/\/migracao.redenoticia.com.br\/noticia\/wp-json\/wp\/v2\/media\/37419"}],"wp:attachment":[{"href":"https:\/\/migracao.redenoticia.com.br\/noticia\/wp-json\/wp\/v2\/media?parent=121024"}],"wp:term":[{"taxonomy":"category","embeddable":true,"href":"https:\/\/migracao.redenoticia.com.br\/noticia\/wp-json\/wp\/v2\/categories?post=121024"},{"taxonomy":"post_tag","embeddable":true,"href":"https:\/\/migracao.redenoticia.com.br\/noticia\/wp-json\/wp\/v2\/tags?post=121024"}],"curies":[{"name":"wp","href":"https:\/\/api.w.org\/{rel}","templated":true}]}}