{"id":121033,"date":"2017-09-13T00:08:25","date_gmt":"2017-09-13T03:08:25","guid":{"rendered":"https:\/\/www.redenoticia.com.br\/noticia\/?p=121033"},"modified":"2017-09-12T16:09:16","modified_gmt":"2017-09-12T19:09:16","slug":"unesp-estudantes-ja-podem-se-inscrever-para-o-vestibular-2018","status":"publish","type":"post","link":"https:\/\/migracao.redenoticia.com.br\/noticia\/2017\/unesp-estudantes-ja-podem-se-inscrever-para-o-vestibular-2018\/121033","title":{"rendered":"Unesp: estudantes j\u00e1 podem se inscrever para o vestibular 2018"},"content":{"rendered":"<p> Os estudantes que querem entrar na Unesp (Universidade Estadual Paulista), uma das principais do Estado, j\u00e1 podem se inscrever para o <strong><em>vestibular<\/em><\/strong> 2018.\u00a0O prazo final para se inscrever \u00e9 9 de outubro pelo site da\u00a0. A primeira fase do vestibular ser\u00e1 no dia 15 de novembro e a segunda fase, nos dias 17 e 18 de dezembro.<\/p>\n<p>A Universidade conta com oferta de 7.365 vagas em 173 op\u00e7\u00f5es de cursos, distribu\u00eddas em unidades localizadas em 23 cidades. As provas da primeira fase da sele\u00e7\u00e3o ser\u00e3o realizadas em 31 cidades paulistas e ainda em Bras\u00edlia (DF), Campo Grande (MS) e Uberl\u00e2ndia (MG). No ano passado, o total foi de 102.230 inscritos no Vestibular Unesp.<\/p>\n<p>Sobre a Unesp<br \/>\nA Universidade Estadual Paulista, \u00e9 uma universidade p\u00fablica, gratuita, que est\u00e1 entre as maiores e melhores do Pa\u00eds. Est\u00e1 presente em 24 cidades do Estado de S\u00e3o Paulo com 34 faculdades e institutos, onde desenvolve atividades de ensino, pesquisa e extens\u00e3o em todas as \u00e1reas do conhecimento.<\/p>\n<p>Fundada em 1976, a institui\u00e7\u00e3o oferece 182 cursos de gradua\u00e7\u00e3o e 146 programas de p\u00f3s-gradua\u00e7\u00e3o. Tem\u00a051.311 alunos, 3.826 professores e 6.782 servidores t\u00e9cnico-administrativos. Possui cerca de 1.900 laborat\u00f3rios e 30 bibliotecas, com mais de 1,3 milh\u00e3o de livros. Oferece cursos pr\u00e9-vestibulares gratuitos em suas unidades, bem como diversos programas de extens\u00e3o de servi\u00e7os \u00e0 comunidade. Tr\u00eas escolas de ensino t\u00e9cnico s\u00e3o mantidas pela Universidade: o Col\u00e9gio T\u00e9cnico Industrial em Bauru, o Col\u00e9gio T\u00e9cnico Industrial em Guaratinguet\u00e1 e o Col\u00e9gio T\u00e9cnico Agr\u00edcola em Jaboticabal.<\/p>\n<p>Do Portal do Governo SP<\/p>\n","protected":false},"excerpt":{"rendered":"<p>Os estudantes que querem entrar na Unesp (Universidade Estadual Paulista), uma das principais do Estado, j\u00e1 podem se inscrever para o vestibular 2018.\u00a0O prazo final para se inscrever \u00e9 9 de outubro pelo site da\u00a0. A primeira fase do vestibular ser\u00e1 no dia 15 de novembro e a segunda fase, nos dias 17 e 18 [&hellip;]<\/p>\n","protected":false},"author":2,"featured_media":36244,"comment_status":"open","ping_status":"closed","sticky":false,"template":"","format":"standard","meta":{"tdm_status":"","tdm_grid_status":"","footnotes":""},"categories":[22,370,295],"tags":[],"class_list":{"0":"post-121033","1":"post","2":"type-post","3":"status-publish","4":"format-standard","5":"has-post-thumbnail","7":"category-brasil","8":"category-inscricao","9":"category-vestibular"},"_links":{"self":[{"href":"https:\/\/migracao.redenoticia.com.br\/noticia\/wp-json\/wp\/v2\/posts\/121033","targetHints":{"allow":["GET"]}}],"collection":[{"href":"https:\/\/migracao.redenoticia.com.br\/noticia\/wp-json\/wp\/v2\/posts"}],"about":[{"href":"https:\/\/migracao.redenoticia.com.br\/noticia\/wp-json\/wp\/v2\/types\/post"}],"author":[{"embeddable":true,"href":"https:\/\/migracao.redenoticia.com.br\/noticia\/wp-json\/wp\/v2\/users\/2"}],"replies":[{"embeddable":true,"href":"https:\/\/migracao.redenoticia.com.br\/noticia\/wp-json\/wp\/v2\/comments?post=121033"}],"version-history":[{"count":0,"href":"https:\/\/migracao.redenoticia.com.br\/noticia\/wp-json\/wp\/v2\/posts\/121033\/revisions"}],"wp:featuredmedia":[{"embeddable":true,"href":"https:\/\/migracao.redenoticia.com.br\/noticia\/wp-json\/wp\/v2\/media\/36244"}],"wp:attachment":[{"href":"https:\/\/migracao.redenoticia.com.br\/noticia\/wp-json\/wp\/v2\/media?parent=121033"}],"wp:term":[{"taxonomy":"category","embeddable":true,"href":"https:\/\/migracao.redenoticia.com.br\/noticia\/wp-json\/wp\/v2\/categories?post=121033"},{"taxonomy":"post_tag","embeddable":true,"href":"https:\/\/migracao.redenoticia.com.br\/noticia\/wp-json\/wp\/v2\/tags?post=121033"}],"curies":[{"name":"wp","href":"https:\/\/api.w.org\/{rel}","templated":true}]}}