{"id":121060,"date":"2017-09-13T16:44:22","date_gmt":"2017-09-13T19:44:22","guid":{"rendered":"https:\/\/www.redenoticia.com.br\/noticia\/?p=121060"},"modified":"2017-09-14T21:52:46","modified_gmt":"2017-09-15T00:52:46","slug":"novela-o-rico-e-lazaro-resumo-1409-nabucodonosor-sente-dor-no-peito-e-cai","status":"publish","type":"post","link":"https:\/\/migracao.redenoticia.com.br\/noticia\/2017\/novela-o-rico-e-lazaro-resumo-1409-nabucodonosor-sente-dor-no-peito-e-cai\/121060","title":{"rendered":"Novela \u201cO Rico e L\u00e1zaro\u201d resumo 14\/09: Nabonido diz que Nit\u00f3cris criou um monstro"},"content":{"rendered":"<p> <img loading=\"lazy\" decoding=\"async\" class=\"alignleft size-thumbnail wp-image-107948\" src=\"https:\/\/migracao.redenoticia.com.br\/noticia\/imagens\/o_rico_e_o_lazaro_resumo_novela_record-150x112.jpg\" alt=\"\" width=\"150\" height=\"112\" srcset=\"https:\/\/migracao.redenoticia.com.br\/noticia\/imagens\/o_rico_e_o_lazaro_resumo_novela_record-150x112.jpg 150w, https:\/\/migracao.redenoticia.com.br\/noticia\/imagens\/o_rico_e_o_lazaro_resumo_novela_record-265x198.jpg 265w\" sizes=\"auto, (max-width: 150px) 100vw, 150px\" \/><strong><em>Novela \u201cO Rico e L\u00e1zaro\u201d resumo 14\/09<\/em><\/strong>: no capitulo 134(*) da novela \u201cO Rico e L\u00e1zaro\u201d, quinta-feira, 14 de setembro, Beroso aceita a proposta de Asher. Nabonido se preocupa com o filho. Belsazar desafia o rei, que lhe desarma e o amea\u00e7a novamente. Nabucodonosor sente uma forte dor no peito e cai. Belsazar sorri e debocha do av\u00f4. O servo Madai presencia tudo. Nit\u00f3cris chega e tenta socorrer o rei. C\u00ednico, Belsazar finge que o soberano passou mal do nada. Matias e os familiares procuram por Saul nas ruas da Babil\u00f4nia. <\/p>\n<p>Zac encontra Nebuzarad\u00e3 e avisa que se vingar\u00e1 de Asher. Neusta avisa que chegou a hora de Joaquim fugir com Edissa. A rainha de Jud\u00e1 tenta distrair o guarda da pris\u00e3o. Em conversa com Zac, Nebuzarad\u00e3 e Sammu-Ramat prop\u00f5em um plano de assassinar Evil-Merodaque para culpar Asher. <\/p>\n<p>Ilana se preocupa com o sumi\u00e7o de Saul. Nabucodonosor se recupera e fala do afronto de Belsazar. Perplexo com as atitudes do filho, Nabonido diz que Nit\u00f3cris criou um monstro. Irritado, Zac chega em casa e despreza Malca. Decepcionado, Absalom bebe na Casa da Lua. Matias procura Gadise e conta que Saul sumiu. Asher se oferece para ajudar a procurar o menino. <\/p>\n<p>(*) edi\u00e7\u00e3o da Rede Record, Novela \u201cO Rico e L\u00e1zaro\u201d, sujeito a altera\u00e7\u00e3o de data e conte\u00fado.<\/p>\n","protected":false},"excerpt":{"rendered":"<p>Novela \u201cO Rico e L\u00e1zaro\u201d resumo 14\/09: no capitulo 134(*) da novela \u201cO Rico e L\u00e1zaro\u201d, quinta-feira, 14 de setembro, Beroso aceita a proposta de Asher. Nabonido se preocupa com o filho. Belsazar desafia o rei, que lhe desarma e o amea\u00e7a novamente. Nabucodonosor sente uma forte dor no peito e cai. Belsazar sorri e [&hellip;]<\/p>\n","protected":false},"author":2,"featured_media":107948,"comment_status":"open","ping_status":"closed","sticky":false,"template":"","format":"standard","meta":{"tdm_status":"","tdm_grid_status":"","footnotes":""},"categories":[379,371,343],"tags":[441],"class_list":{"0":"post-121060","1":"post","2":"type-post","3":"status-publish","4":"format-standard","5":"has-post-thumbnail","7":"category-novelas","8":"category-rede-record","9":"category-televisao","10":"tag-resumo-do-dia"},"_links":{"self":[{"href":"https:\/\/migracao.redenoticia.com.br\/noticia\/wp-json\/wp\/v2\/posts\/121060","targetHints":{"allow":["GET"]}}],"collection":[{"href":"https:\/\/migracao.redenoticia.com.br\/noticia\/wp-json\/wp\/v2\/posts"}],"about":[{"href":"https:\/\/migracao.redenoticia.com.br\/noticia\/wp-json\/wp\/v2\/types\/post"}],"author":[{"embeddable":true,"href":"https:\/\/migracao.redenoticia.com.br\/noticia\/wp-json\/wp\/v2\/users\/2"}],"replies":[{"embeddable":true,"href":"https:\/\/migracao.redenoticia.com.br\/noticia\/wp-json\/wp\/v2\/comments?post=121060"}],"version-history":[{"count":0,"href":"https:\/\/migracao.redenoticia.com.br\/noticia\/wp-json\/wp\/v2\/posts\/121060\/revisions"}],"wp:featuredmedia":[{"embeddable":true,"href":"https:\/\/migracao.redenoticia.com.br\/noticia\/wp-json\/wp\/v2\/media\/107948"}],"wp:attachment":[{"href":"https:\/\/migracao.redenoticia.com.br\/noticia\/wp-json\/wp\/v2\/media?parent=121060"}],"wp:term":[{"taxonomy":"category","embeddable":true,"href":"https:\/\/migracao.redenoticia.com.br\/noticia\/wp-json\/wp\/v2\/categories?post=121060"},{"taxonomy":"post_tag","embeddable":true,"href":"https:\/\/migracao.redenoticia.com.br\/noticia\/wp-json\/wp\/v2\/tags?post=121060"}],"curies":[{"name":"wp","href":"https:\/\/api.w.org\/{rel}","templated":true}]}}