{"id":121103,"date":"2017-09-13T16:33:02","date_gmt":"2017-09-13T19:33:02","guid":{"rendered":"https:\/\/www.redenoticia.com.br\/noticia\/?p=121103"},"modified":"2017-09-13T16:01:49","modified_gmt":"2017-09-13T19:01:49","slug":"resumo-novela-chiquititas-1409-chico-traz-sua-afilhada-para-o-orfanato","status":"publish","type":"post","link":"https:\/\/migracao.redenoticia.com.br\/noticia\/2017\/resumo-novela-chiquititas-1409-chico-traz-sua-afilhada-para-o-orfanato\/121103","title":{"rendered":"Resumo novela \u201cChiquititas\u201d 14\/09: Chico traz sua afilhada para o orfanato"},"content":{"rendered":"<p><img loading=\"lazy\" decoding=\"async\" class=\"alignleft size-thumbnail wp-image-49690\" src=\"https:\/\/migracao.redenoticia.com.br\/noticia\/imagens\/chiquititas1-150x112.jpg\" alt=\"chiquititas\" width=\"150\" height=\"112\" \/><strong><em>Resumo novela \u201cChiquititas\u201d 14\/09<\/em><\/strong>: no cap\u00edtulo 263(*) da novela \u201cChiquititas\u201d, resumo de quinta-feira, 14 de setembro, Come\u00e7a o show da banda \u201cJP 10\u201d. As meninas ficam empolgadas e cantam todas as can\u00e7\u00f5es. JP diz que a pr\u00f3xima m\u00fasica de seu show \u00e9 dedicada a sua namorada, Mili. Antes de cantar a m\u00fasica bis, JP chama Mili ao palco para apresent\u00e1-la a suas f\u00e3s. Ele d\u00e1 um selinho nela, que fica irritada e vai embora do show. No dia seguinte, Shirley acorda e fica nervosa ao ver que Pa\u00e7oca roubou coisas da casa dela e foi embora. Eduarda fica confusa e diz que tentar\u00e1 encontrar o garoto. JP e Mili discutem, mas logo fazem as pazes e o garoto diz que n\u00e3o roubar\u00e1 mais beijos dela. Junior vai ao orfanato e conta para Carol que Fernando d\u00e1 em cima de outras mulheres. Carol encerra o assunto como se n\u00e3o acreditasse, mas fica pensativa. C\u00edcero vai conversar com Junior e diz que eles precisam ficar atentos com Cintia , que, apesar de sumida, pode voltar. Na rua, jogando bola, Mosca encontra uma em um terreno perto do orfanato uma casa na \u00e1rvore. Os chiquititos decidem ajustar o local para ser um esconderijo secreto s\u00f3 dos meninos. C\u00edcero, que \u00e9 pai de Tati e Vivi, diz que fica aliviado que Cintia est\u00e1 fora da dire\u00e7\u00e3o do orfanato. C\u00edcero conta ainda que est\u00e1 trabalhando num bar na comunidade para poder ter condi\u00e7\u00f5es de no futuro ficar pr\u00f3ximo de suas filhas. Chico volta ao orfanato ap\u00f3s o enterro. Junto com ele chega ao orfanato sua afilhada, Teca, que \u00e9 a nova moradora do Raio de Luz. Teca faz birra que quer um quarto s\u00f3 para ela, mas as chiquititas avisam que no orfanato todas precisam compartilhar as coisas. Chico diz que Teca possui problema de comportamento, pois seu pai dava tudo para ela. Matilde diz que a menina parece ser mais birrenta do que Dani era quando chegou ao Raio de Luz.<\/p>\n<p>(*) edi\u00e7\u00e3o do SBT, Novela \u201cChiquititas\u201d, sujeito a altera\u00e7\u00e3o de data e conte\u00fado.<\/p>\n<p>Chiquititas gira em torno do orfanato Raio de Luz, que carrega em sua hist\u00f3ria um grande segredo envolvendo a fam\u00edlia e o dono do orfanato, Dr. Jos\u00e9 Ricardo Almeida Campos. Em um per\u00edodo anterior \u00e0 novela, exatos treze anos, sua filha Gabriela se apaixonou e ficou gr\u00e1vida de Miguel, filho de Valentina, empregada da casa dos Almeida Campos. Pouco depois, Jos\u00e9 Ricardo sequestrou sua neta, pois, como um homem conservador, ele n\u00e3o aceitava a ideia de que sua filha se envolvesse com um empregado. Como sua neta, Milena, apelidada como Mili, precisava de um lugar para morar, ele comprou um casar\u00e3o e fundou um orfanato, o Raio de Luz. Mili cresceu l\u00e1 com outras garotas que chegaram posteriormente: Bia, Ana, as irm\u00e3s Tati e Vivi, e Cris. Ao decorrer dos anos, elas se tornam uma fam\u00edlia. Elas s\u00e3o supervisionadas por Ernestina, zeladora do orfanato, e Chico, o cozinheiro amado pelas internas. Sofia, ex-governanta da fam\u00edlia Almeida Campos, \u00e9 a diretora do lugar, at\u00e9 que Carmem, irm\u00e3 de Jos\u00e9 Ricardo, entre em seu lugar. Chegam ainda mais \u00f3rf\u00e3os: Pata, Mosca, Binho e Rafa, que viviam nas ruas antes de entrarem na institui\u00e7\u00e3o. Pata e Mili tornam-se amigas rapidamente, enquanto Mosca, Binho e Rafa s\u00e3o os primeiros garotos a entrar no abrigo. As crian\u00e7as sem-teto foram ajudadas por uma doce e bela garota que tocam e mudam a vida delas, assim como as das garotas \u00f3rf\u00e3s.<\/p>\n","protected":false},"excerpt":{"rendered":"<p>Resumo novela \u201cChiquititas\u201d 14\/09: no cap\u00edtulo 263(*) da novela \u201cChiquititas\u201d, resumo de quinta-feira, 14 de setembro, Come\u00e7a o show da banda \u201cJP 10\u201d. As meninas ficam empolgadas e cantam todas as can\u00e7\u00f5es. JP diz que a pr\u00f3xima m\u00fasica de seu show \u00e9 dedicada a sua namorada, Mili. Antes de cantar a m\u00fasica bis, JP chama [&hellip;]<\/p>\n","protected":false},"author":4,"featured_media":49690,"comment_status":"open","ping_status":"closed","sticky":false,"template":"","format":"standard","meta":{"tdm_status":"","tdm_grid_status":"","footnotes":""},"categories":[409,379,372,343],"tags":[441],"class_list":{"0":"post-121103","1":"post","2":"type-post","3":"status-publish","4":"format-standard","5":"has-post-thumbnail","7":"category-chiquititas","8":"category-novelas","9":"category-sbt","10":"category-televisao","11":"tag-resumo-do-dia"},"_links":{"self":[{"href":"https:\/\/migracao.redenoticia.com.br\/noticia\/wp-json\/wp\/v2\/posts\/121103","targetHints":{"allow":["GET"]}}],"collection":[{"href":"https:\/\/migracao.redenoticia.com.br\/noticia\/wp-json\/wp\/v2\/posts"}],"about":[{"href":"https:\/\/migracao.redenoticia.com.br\/noticia\/wp-json\/wp\/v2\/types\/post"}],"author":[{"embeddable":true,"href":"https:\/\/migracao.redenoticia.com.br\/noticia\/wp-json\/wp\/v2\/users\/4"}],"replies":[{"embeddable":true,"href":"https:\/\/migracao.redenoticia.com.br\/noticia\/wp-json\/wp\/v2\/comments?post=121103"}],"version-history":[{"count":0,"href":"https:\/\/migracao.redenoticia.com.br\/noticia\/wp-json\/wp\/v2\/posts\/121103\/revisions"}],"wp:featuredmedia":[{"embeddable":true,"href":"https:\/\/migracao.redenoticia.com.br\/noticia\/wp-json\/wp\/v2\/media\/49690"}],"wp:attachment":[{"href":"https:\/\/migracao.redenoticia.com.br\/noticia\/wp-json\/wp\/v2\/media?parent=121103"}],"wp:term":[{"taxonomy":"category","embeddable":true,"href":"https:\/\/migracao.redenoticia.com.br\/noticia\/wp-json\/wp\/v2\/categories?post=121103"},{"taxonomy":"post_tag","embeddable":true,"href":"https:\/\/migracao.redenoticia.com.br\/noticia\/wp-json\/wp\/v2\/tags?post=121103"}],"curies":[{"name":"wp","href":"https:\/\/api.w.org\/{rel}","templated":true}]}}