{"id":121108,"date":"2017-09-13T16:35:05","date_gmt":"2017-09-13T19:35:05","guid":{"rendered":"https:\/\/www.redenoticia.com.br\/noticia\/?p=121108"},"modified":"2017-09-13T16:03:43","modified_gmt":"2017-09-13T19:03:43","slug":"resumo-novela-malhacao-1409-malu-questiona-boris-sobre-lica","status":"publish","type":"post","link":"https:\/\/migracao.redenoticia.com.br\/noticia\/2017\/resumo-novela-malhacao-1409-malu-questiona-boris-sobre-lica\/121108","title":{"rendered":"Resumo novela \u201cMalha\u00e7\u00e3o\u201d 14\/09: Malu questiona B\u00f3ris sobre Lica"},"content":{"rendered":"<p><img loading=\"lazy\" decoding=\"async\" class=\"alignleft size-thumbnail wp-image-110075\" src=\"https:\/\/migracao.redenoticia.com.br\/noticia\/imagens\/malhacao-viva-a-diferenca-150x112.jpg\" alt=\"\" width=\"150\" height=\"112\" srcset=\"https:\/\/migracao.redenoticia.com.br\/noticia\/imagens\/malhacao-viva-a-diferenca-150x112.jpg 150w, https:\/\/migracao.redenoticia.com.br\/noticia\/imagens\/malhacao-viva-a-diferenca-265x198.jpg 265w\" sizes=\"auto, (max-width: 150px) 100vw, 150px\" \/><strong><em>Resumo novela \u201cMalha\u00e7\u00e3o\u201d 14\/09<\/em><\/strong>: no cap\u00edtulo 093(*) da novela \u201cMalha\u00e7\u00e3o\u201d, resumo de quinta-feira, 14 de setembro, sem que Aldo perceba, Tato procura por um documento com a assinatura do pai. K1 conta para Keyla sobre o motivo da suspens\u00e3o de Tato e K2. Ellen diz a B\u00f3ris que decidir\u00e1 sobre a bolsa de estudos ap\u00f3s a Balada Cultural. Clara insinua a Felipe que algo ocorreu entre Lica e B\u00f3ris. Keyla se incomoda com a opini\u00e3o das amigas sobre sua vida amorosa. Ellen vai \u00e0 casa de Lica e Marta elogia a menina. K2 falsifica a assinatura de Aldo a pedido de Tato. Fio pede para trabalhar no sal\u00e3o de K1. Ellen conta para Lica sobre o assassinato de seu pai. Roney prop\u00f5e ajudar Guto e Ben\u00ea a perder o medo de se apresentar em p\u00fablico. Malu questiona B\u00f3ris sobre Lica. Sem querer, Tina e Keyla derrubam as bandejas de suco em cima de Anderson, Samantha e Tato.<\/p>\n<p>(*) edi\u00e7\u00e3o da Rede Globo, Novela \u201cMalha\u00e7\u00e3o\u201d, sujeito a altera\u00e7\u00e3o de data e conte\u00fado.<\/p>\n<p>A vig\u00e9sima quinta temporada da s\u00e9rie de televis\u00e3o brasileira Malha\u00e7\u00e3o, produzida pela Rede Globo, \u00e9 escrita por Cao Hamburger, com colabora\u00e7\u00e3o de Jaqueline Vargas, Luciana Pessanha, Vitor Brandt e Carolina Ziskind, e conta com a dire\u00e7\u00e3o de Paulo Silvestrini. Pela primeira vez ap\u00f3s vinte e quatro temporadas, a novela ser\u00e1 ambientada nas zonas leste e sul da cidade de S\u00e3o Paulo. A trama \u00e9 protagonizada por Gabriela Medvedovski, Heslaine Vieira, Ana Hikari, Manoela Aliperti e Daphne Bozaski. O elenco tamb\u00e9m \u00e9 composto por Matheus Abreu, Hall Mendes, Juan Piava, Gabriel Calamari, Bruno Gadiol, Giovanna Grigio, Aline Fanju, L\u00facio Mauro Filho, Malu Galli, Angelo Ant\u00f4nio, Daniela Galli, Marcello Antony, Isabella Scherer, Talita Younan e Carol Macedo nos papeis principais.<\/p>\n","protected":false},"excerpt":{"rendered":"<p>Resumo novela \u201cMalha\u00e7\u00e3o\u201d 14\/09: no cap\u00edtulo 093(*) da novela \u201cMalha\u00e7\u00e3o\u201d, resumo de quinta-feira, 14 de setembro, sem que Aldo perceba, Tato procura por um documento com a assinatura do pai. K1 conta para Keyla sobre o motivo da suspens\u00e3o de Tato e K2. Ellen diz a B\u00f3ris que decidir\u00e1 sobre a bolsa de estudos ap\u00f3s [&hellip;]<\/p>\n","protected":false},"author":4,"featured_media":110072,"comment_status":"open","ping_status":"closed","sticky":false,"template":"","format":"standard","meta":{"tdm_status":"","tdm_grid_status":"","footnotes":""},"categories":[447,379,375,343],"tags":[441],"class_list":{"0":"post-121108","1":"post","2":"type-post","3":"status-publish","4":"format-standard","5":"has-post-thumbnail","7":"category-malhacao","8":"category-novelas","9":"category-rede-globo","10":"category-televisao","11":"tag-resumo-do-dia"},"_links":{"self":[{"href":"https:\/\/migracao.redenoticia.com.br\/noticia\/wp-json\/wp\/v2\/posts\/121108","targetHints":{"allow":["GET"]}}],"collection":[{"href":"https:\/\/migracao.redenoticia.com.br\/noticia\/wp-json\/wp\/v2\/posts"}],"about":[{"href":"https:\/\/migracao.redenoticia.com.br\/noticia\/wp-json\/wp\/v2\/types\/post"}],"author":[{"embeddable":true,"href":"https:\/\/migracao.redenoticia.com.br\/noticia\/wp-json\/wp\/v2\/users\/4"}],"replies":[{"embeddable":true,"href":"https:\/\/migracao.redenoticia.com.br\/noticia\/wp-json\/wp\/v2\/comments?post=121108"}],"version-history":[{"count":0,"href":"https:\/\/migracao.redenoticia.com.br\/noticia\/wp-json\/wp\/v2\/posts\/121108\/revisions"}],"wp:featuredmedia":[{"embeddable":true,"href":"https:\/\/migracao.redenoticia.com.br\/noticia\/wp-json\/wp\/v2\/media\/110072"}],"wp:attachment":[{"href":"https:\/\/migracao.redenoticia.com.br\/noticia\/wp-json\/wp\/v2\/media?parent=121108"}],"wp:term":[{"taxonomy":"category","embeddable":true,"href":"https:\/\/migracao.redenoticia.com.br\/noticia\/wp-json\/wp\/v2\/categories?post=121108"},{"taxonomy":"post_tag","embeddable":true,"href":"https:\/\/migracao.redenoticia.com.br\/noticia\/wp-json\/wp\/v2\/tags?post=121108"}],"curies":[{"name":"wp","href":"https:\/\/api.w.org\/{rel}","templated":true}]}}