{"id":121152,"date":"2017-09-14T16:41:09","date_gmt":"2017-09-14T19:41:09","guid":{"rendered":"https:\/\/www.redenoticia.com.br\/noticia\/?p=121152"},"modified":"2017-09-15T19:21:23","modified_gmt":"2017-09-15T22:21:23","slug":"novela-os-dez-mandamentos-resumo-1509-maya-bebe-cha-envenenado","status":"publish","type":"post","link":"https:\/\/migracao.redenoticia.com.br\/noticia\/2017\/novela-os-dez-mandamentos-resumo-1509-maya-bebe-cha-envenenado\/121152","title":{"rendered":"Novela \u201cOs Dez Mandamentos\u201d resumo 15\/09: Nefertari se revolta com Disebek"},"content":{"rendered":"<p> <img loading=\"lazy\" decoding=\"async\" class=\"alignleft size-thumbnail wp-image-68037\" src=\"https:\/\/migracao.redenoticia.com.br\/noticia\/imagens\/resumo_novela_os_dez_mandamentos_record-150x112.jpg\" alt=\"\" width=\"150\" height=\"112\" srcset=\"https:\/\/migracao.redenoticia.com.br\/noticia\/imagens\/resumo_novela_os_dez_mandamentos_record-150x112.jpg 150w, https:\/\/migracao.redenoticia.com.br\/noticia\/imagens\/resumo_novela_os_dez_mandamentos_record-265x198.jpg 265w\" sizes=\"auto, (max-width: 150px) 100vw, 150px\" \/><em><strong>Novela \u201cOs Dez Mandamentos\u201d resumo 15\/09<\/strong><\/em>: no capitulo 039 (*) da novela \u201cOs Dez Mandamentos\u201d, sexta-feira, 15 de setembro, Am\u00e1lia sofre com a morte de Num. Ar\u00e3o v\u00ea a tristeza dela e questiona Deus por tanto sofrimento. Eliseba conforta o marido e se emociona. Am\u00e1lia, apesar da dor, decide ajudar Joquebede e Miri\u00e3 a prepararem o corpo de Num para o sepultamento. Ar\u00e3o reconhece que Num morreu por defend\u00ea-lo e avisa que Apuki pagar\u00e1 caro pelo assassinato. Nadabe, Abi\u00fa e Eleazar choram ao ouvir de Eliseba que Num faleceu. Joquebede e Miri\u00e3 amparam Am\u00e1lia ao v\u00ea-la chorando desesperadamente na despedida de Num. Apuki n\u00e3o gosta de saber que os escravos faltaram \u00e0 obra para irem ao enterro de Num. Uri deixa Leila preocupada ao informar que Abigail est\u00e1 procurando-a com urg\u00eancia. Ap\u00f3s flagrar novamente Disebek flertando com uma serva, Henutmire amea\u00e7a se separar. Nefertari se revolta com a postura galanteadora de Disebek. Yunet exagera ao dizer para a filha jamais odiar Disebeck, quase expondo os reais sentimentos. Ela disfar\u00e7a ao ver que causou estranhamento em Nefertari e Karoma. Para agradar a filha, Yunet revela que aceitar\u00e1 o romance dela com Mois\u00e9s. Ao saber por Abigail que Num morreu, Leila resolve ir ao enterro. <\/p>\n<p>Anr\u00e3o recebe ajuda de Ar\u00e3o, Zelofeade e Eldade para carregar o corpo de Num. Hur lamenta a morte de Num e considera-se privilegiado por ser um hebreu que vive no pal\u00e1cio. Depois dos discursos de Anr\u00e3o e Ar\u00e3o, Num \u00e9 sepultado. Nefertari e Maya jogam Senet em clima leve de rivalidade, observadas por Karoma, Anippe e Nayla. Yunet tenta disfar\u00e7ar a irrita\u00e7\u00e3o ao v\u00ea-las juntas. Rams\u00e9s agradece Seti por escolher Maya para casar-se com ele. Gahiji percebe o cansa\u00e7o de Leila no retorno do enterro e a libera do trabalho. Eldade se sensibiliza com a tristeza de Abigail e decide fazer companhia. Eliseba explica para os filhos que a fam\u00edlia vai se mudar para cuidar de Am\u00e1lia. Joquebede e Anr\u00e3o convencem Ar\u00e3o a desistir de se vingar de Apuki. Judite questiona a frieza de Apuki e diz que prefere morrer a continuar sofrendo ao lado dele. Leila confessa para Uri que tem medo de perder a ess\u00eancia hebreia. <\/p>\n<p>Henutmire assume para Hur que n\u00e3o se considera uma mulher realizada. Ele se identifica e revela que correria riscos para ir atr\u00e1s da felicidade, deixando a princesa mexida. Disebek avista os dois e questiona a aproxima\u00e7\u00e3o da mulher com o joalheiro. Mois\u00e9s estranha, por\u00e9m fica satisfeito ao ver que Yunet aprovou o namoro com Nefertari. Maya duvida dos sentimentos de Rams\u00e9s, mas o pr\u00edncipe declara estar absolutamente apaixonado por ela. Yunet espera Simut sair e come\u00e7a a vasculhar a sala de Paser. Rams\u00e9s fica surpreso com o convite de Maya para uma competi\u00e7\u00e3o de arco e flecha, mas aceita o desafio. Yunet cria uma po\u00e7\u00e3o misteriosa e faz uma ora\u00e7\u00e3o com o frasco nas m\u00e3os.   <\/p>\n<p>(*) edi\u00e7\u00e3o da Rede Record, Novela \u201cOs Dez Mandamentos\u201d, sujeito a altera\u00e7\u00e3o de data e conte\u00fado.<\/p>\n<p>\u201cOs Dez Mandamentos\u201d \u00e9 uma telenovela brasileira produzida e exibida pela RecordTV, tendo sua primeira temporada exibida entre 23 de mar\u00e7o e 23 de novembro de 2015 em 176 cap\u00edtulos, substituindo Vit\u00f3ria, e sendo substitu\u00edda pela reprise de Rei Davi. A segunda temporada foi produzida pela Casablanca e exibida de 04 de abril a 04 de julho de 2016 em 66 cap\u00edtulos, substituindo a reprise de Sans\u00e3o e Dalila e sendo substitu\u00edda por A Terra Prometida.<\/p>\n","protected":false},"excerpt":{"rendered":"<p>Novela \u201cOs Dez Mandamentos\u201d resumo 15\/09: no capitulo 039 (*) da novela \u201cOs Dez Mandamentos\u201d, sexta-feira, 15 de setembro, Am\u00e1lia sofre com a morte de Num. Ar\u00e3o v\u00ea a tristeza dela e questiona Deus por tanto sofrimento. Eliseba conforta o marido e se emociona. Am\u00e1lia, apesar da dor, decide ajudar Joquebede e Miri\u00e3 a prepararem [&hellip;]<\/p>\n","protected":false},"author":2,"featured_media":68037,"comment_status":"open","ping_status":"closed","sticky":false,"template":"","format":"standard","meta":{"tdm_status":"","tdm_grid_status":"","footnotes":""},"categories":[379,424,371,343],"tags":[441],"class_list":{"0":"post-121152","1":"post","2":"type-post","3":"status-publish","4":"format-standard","5":"has-post-thumbnail","7":"category-novelas","8":"category-os-dez-mandamentos","9":"category-rede-record","10":"category-televisao","11":"tag-resumo-do-dia"},"_links":{"self":[{"href":"https:\/\/migracao.redenoticia.com.br\/noticia\/wp-json\/wp\/v2\/posts\/121152","targetHints":{"allow":["GET"]}}],"collection":[{"href":"https:\/\/migracao.redenoticia.com.br\/noticia\/wp-json\/wp\/v2\/posts"}],"about":[{"href":"https:\/\/migracao.redenoticia.com.br\/noticia\/wp-json\/wp\/v2\/types\/post"}],"author":[{"embeddable":true,"href":"https:\/\/migracao.redenoticia.com.br\/noticia\/wp-json\/wp\/v2\/users\/2"}],"replies":[{"embeddable":true,"href":"https:\/\/migracao.redenoticia.com.br\/noticia\/wp-json\/wp\/v2\/comments?post=121152"}],"version-history":[{"count":0,"href":"https:\/\/migracao.redenoticia.com.br\/noticia\/wp-json\/wp\/v2\/posts\/121152\/revisions"}],"wp:featuredmedia":[{"embeddable":true,"href":"https:\/\/migracao.redenoticia.com.br\/noticia\/wp-json\/wp\/v2\/media\/68037"}],"wp:attachment":[{"href":"https:\/\/migracao.redenoticia.com.br\/noticia\/wp-json\/wp\/v2\/media?parent=121152"}],"wp:term":[{"taxonomy":"category","embeddable":true,"href":"https:\/\/migracao.redenoticia.com.br\/noticia\/wp-json\/wp\/v2\/categories?post=121152"},{"taxonomy":"post_tag","embeddable":true,"href":"https:\/\/migracao.redenoticia.com.br\/noticia\/wp-json\/wp\/v2\/tags?post=121152"}],"curies":[{"name":"wp","href":"https:\/\/api.w.org\/{rel}","templated":true}]}}