{"id":121223,"date":"2017-09-14T16:36:21","date_gmt":"2017-09-14T19:36:21","guid":{"rendered":"https:\/\/www.redenoticia.com.br\/noticia\/?p=121223"},"modified":"2017-09-14T16:27:35","modified_gmt":"2017-09-14T19:27:35","slug":"resumo-novela-novo-mundo-1509-teca-conduz-anna-ate-uma-caverna","status":"publish","type":"post","link":"https:\/\/migracao.redenoticia.com.br\/noticia\/2017\/resumo-novela-novo-mundo-1509-teca-conduz-anna-ate-uma-caverna\/121223","title":{"rendered":"Resumo novela \u201cNovo Mundo\u201d 15\/09: Te\u00e7\u00e1 conduz  Anna at\u00e9 uma caverna"},"content":{"rendered":"<p><img loading=\"lazy\" decoding=\"async\" class=\"alignleft size-thumbnail wp-image-107950\" src=\"https:\/\/migracao.redenoticia.com.br\/noticia\/imagens\/novo_mundo_novela_resumo_globo-150x112.jpg\" alt=\"\" width=\"150\" height=\"112\" srcset=\"https:\/\/migracao.redenoticia.com.br\/noticia\/imagens\/novo_mundo_novela_resumo_globo-150x112.jpg 150w, https:\/\/migracao.redenoticia.com.br\/noticia\/imagens\/novo_mundo_novela_resumo_globo-265x198.jpg 265w\" sizes=\"auto, (max-width: 150px) 100vw, 150px\" \/><strong><em>Resumo novela \u201cNovo Mundo\u201d 15\/09<\/em><\/strong>: no cap\u00edtulo 151(*) da novela \u201cNovo Mundo\u201d, resumo de sexta-feira, 15 de setembro, Anna e Joaquim conseguem deixar o navio em chamas, mas acreditam que Thomas n\u00e3o tenha conseguido escapar com vida. Greta se desespera por ter sido abandonada e Diara a conforta. Ferdinando sofre com sua atitude. Bonif\u00e1cio l\u00ea o falso artigo de Lib\u00e9rio e alerta Dom Pedro. Cec\u00edlia afirma que foi Sebasti\u00e3o quem sabotou o jornal. Matias garante a Idalina que quer se vingar de Sebasti\u00e3o. Dom Pedro ordena o fechamento do jornal de Lib\u00e9rio, acusado de conspira\u00e7\u00e3o. Domitila usa um disfarce para ir ao encontro de Dom Pedro. Leopoldina v\u00ea Francisco e Benedita, e decide ir at\u00e9 o Pa\u00e7o. Greta volta a envenenar Wolfgang. Te\u00e7\u00e1 e outras \u00edndias conduzem Anna at\u00e9 uma caverna.<\/p>\n<p>(*) edi\u00e7\u00e3o da Rede Globo, Novela \u201cNovo Mundo\u201d, sujeito a altera\u00e7\u00e3o de data e conte\u00fado.<\/p>\n<p>Novo Mundo \u00e9 uma telenovela brasileira produzida pela Rede Globo. Escrita por Thereza Falc\u00e3o e Alessandro Marson, conta com dire\u00e7\u00e3o art\u00edstica de Vin\u00edcius Coimbra. Conta com as participa\u00e7\u00f5es de Isabelle Drummond, Chay Suede, Caio Castro, Let\u00edcia Colin, Leo Jaime, D\u00e9bora Olivieri, Rodrigo Simas, Giullia Buscacio, Vivianne Pasmanter, Guilherme Piva, R\u00f4mulo Estrela, Agatha Moreira, Luisa Micheletti, Gabriel Braga Nunes, e Ingrid Guimar\u00e3es.<\/p>\n","protected":false},"excerpt":{"rendered":"<p>Resumo novela \u201cNovo Mundo\u201d 15\/09: no cap\u00edtulo 151(*) da novela \u201cNovo Mundo\u201d, resumo de sexta-feira, 15 de setembro, Anna e Joaquim conseguem deixar o navio em chamas, mas acreditam que Thomas n\u00e3o tenha conseguido escapar com vida. Greta se desespera por ter sido abandonada e Diara a conforta. Ferdinando sofre com sua atitude. Bonif\u00e1cio l\u00ea [&hellip;]<\/p>\n","protected":false},"author":4,"featured_media":107950,"comment_status":"open","ping_status":"closed","sticky":false,"template":"","format":"standard","meta":{"tdm_status":"","tdm_grid_status":"","footnotes":""},"categories":[379,375,343],"tags":[441],"class_list":{"0":"post-121223","1":"post","2":"type-post","3":"status-publish","4":"format-standard","5":"has-post-thumbnail","7":"category-novelas","8":"category-rede-globo","9":"category-televisao","10":"tag-resumo-do-dia"},"_links":{"self":[{"href":"https:\/\/migracao.redenoticia.com.br\/noticia\/wp-json\/wp\/v2\/posts\/121223","targetHints":{"allow":["GET"]}}],"collection":[{"href":"https:\/\/migracao.redenoticia.com.br\/noticia\/wp-json\/wp\/v2\/posts"}],"about":[{"href":"https:\/\/migracao.redenoticia.com.br\/noticia\/wp-json\/wp\/v2\/types\/post"}],"author":[{"embeddable":true,"href":"https:\/\/migracao.redenoticia.com.br\/noticia\/wp-json\/wp\/v2\/users\/4"}],"replies":[{"embeddable":true,"href":"https:\/\/migracao.redenoticia.com.br\/noticia\/wp-json\/wp\/v2\/comments?post=121223"}],"version-history":[{"count":0,"href":"https:\/\/migracao.redenoticia.com.br\/noticia\/wp-json\/wp\/v2\/posts\/121223\/revisions"}],"wp:featuredmedia":[{"embeddable":true,"href":"https:\/\/migracao.redenoticia.com.br\/noticia\/wp-json\/wp\/v2\/media\/107950"}],"wp:attachment":[{"href":"https:\/\/migracao.redenoticia.com.br\/noticia\/wp-json\/wp\/v2\/media?parent=121223"}],"wp:term":[{"taxonomy":"category","embeddable":true,"href":"https:\/\/migracao.redenoticia.com.br\/noticia\/wp-json\/wp\/v2\/categories?post=121223"},{"taxonomy":"post_tag","embeddable":true,"href":"https:\/\/migracao.redenoticia.com.br\/noticia\/wp-json\/wp\/v2\/tags?post=121223"}],"curies":[{"name":"wp","href":"https:\/\/api.w.org\/{rel}","templated":true}]}}