{"id":121225,"date":"2017-09-14T16:37:12","date_gmt":"2017-09-14T19:37:12","guid":{"rendered":"https:\/\/www.redenoticia.com.br\/noticia\/?p=121225"},"modified":"2017-09-14T16:37:35","modified_gmt":"2017-09-14T19:37:35","slug":"resumo-novela-pega-pega-1509-antonia-deduz-que-isabel-esta-a-lhe-evitar","status":"publish","type":"post","link":"https:\/\/migracao.redenoticia.com.br\/noticia\/2017\/resumo-novela-pega-pega-1509-antonia-deduz-que-isabel-esta-a-lhe-evitar\/121225","title":{"rendered":"Resumo novela \u201cPega Pega\u201d 15\/09: Ant\u00f4nia desconfia de Isabel"},"content":{"rendered":"<p><img loading=\"lazy\" decoding=\"async\" class=\"alignleft size-thumbnail wp-image-114640\" src=\"https:\/\/migracao.redenoticia.com.br\/noticia\/imagens\/pega-pega-globo-novela-resumo-150x112.jpg\" alt=\"\" width=\"150\" height=\"112\" srcset=\"https:\/\/migracao.redenoticia.com.br\/noticia\/imagens\/pega-pega-globo-novela-resumo-150x112.jpg 150w, https:\/\/migracao.redenoticia.com.br\/noticia\/imagens\/pega-pega-globo-novela-resumo-265x198.jpg 265w\" sizes=\"auto, (max-width: 150px) 100vw, 150px\" \/><strong><em>Resumo novela \u201cPega Pega\u201d 15\/09<\/em><\/strong>: no cap\u00edtulo 088(*) da novela \u201cPega Pega\u201d, resumo de sexta-feira, 15 de setembro, R\u00f4mulo apoia J\u00falio. Madalena fica arrasada quando Sabine lhe oferece dinheiro para se afastar de Dom. Eric diz a Dom\u00eanico que desconfia de C\u00edntia e Malagueta. Maria Pia afirma a Dom que n\u00e3o deixar\u00e1 ningu\u00e9m machucar Madalena. J\u00falio recebe uma intima\u00e7\u00e3o da pol\u00edcia. Santana entrega a Malagueta o n\u00famero do processo do acidente de Mirella. M\u00f4nica cobra o dinheiro de Malagueta. Sandra Helena briga com Gilda por causa de Agnaldo. Ant\u00f4nia deduz que Isabel est\u00e1 lhe evitando e acha estranho. Madalena conta a Ed\u00edlson sobre a visita de Sabine e as acusa\u00e7\u00f5es que a m\u00e3e de Dom lhe fez. Tim\u00f3teo alerta a Malagueta que o cerco est\u00e1 se fechando. Malagueta tenta retirar sua mala de dinheiro de dentro de uma parede.<\/p>\n<p>(*) edi\u00e7\u00e3o da Rede Globo, Novela \u201cPega Pega\u201d, sujeito a altera\u00e7\u00e3o de data e conte\u00fado.<\/p>\n<p>Pega Pega \u00e9 uma telenovela brasileira produzida pela Rede Globo, para o hor\u00e1rio das 19 horas. Ambientada no Rio de Janeiro, entre os bairros de Copacabana e Tijuca, Pega Pega tem como trama central o roubo ao Hotel Carioca Palace e seus desdobramentos na vida de cada um dos envolvidos, sejam eles h\u00f3spedes, suspeitos ou convidados do grande baile de gala. Assinando a autoria de uma novela pela primeira vez, Claudia Souto prop\u00f5e falar de \u00e9tica com bom humor, sob o ponto de vista de pessoas comuns.<\/p>\n","protected":false},"excerpt":{"rendered":"<p>Resumo novela \u201cPega Pega\u201d 15\/09: no cap\u00edtulo 088(*) da novela \u201cPega Pega\u201d, resumo de sexta-feira, 15 de setembro, R\u00f4mulo apoia J\u00falio. Madalena fica arrasada quando Sabine lhe oferece dinheiro para se afastar de Dom. Eric diz a Dom\u00eanico que desconfia de C\u00edntia e Malagueta. Maria Pia afirma a Dom que n\u00e3o deixar\u00e1 ningu\u00e9m machucar Madalena. [&hellip;]<\/p>\n","protected":false},"author":4,"featured_media":114640,"comment_status":"open","ping_status":"closed","sticky":false,"template":"","format":"standard","meta":{"tdm_status":"","tdm_grid_status":"","footnotes":""},"categories":[379,375,343],"tags":[441],"class_list":{"0":"post-121225","1":"post","2":"type-post","3":"status-publish","4":"format-standard","5":"has-post-thumbnail","7":"category-novelas","8":"category-rede-globo","9":"category-televisao","10":"tag-resumo-do-dia"},"_links":{"self":[{"href":"https:\/\/migracao.redenoticia.com.br\/noticia\/wp-json\/wp\/v2\/posts\/121225","targetHints":{"allow":["GET"]}}],"collection":[{"href":"https:\/\/migracao.redenoticia.com.br\/noticia\/wp-json\/wp\/v2\/posts"}],"about":[{"href":"https:\/\/migracao.redenoticia.com.br\/noticia\/wp-json\/wp\/v2\/types\/post"}],"author":[{"embeddable":true,"href":"https:\/\/migracao.redenoticia.com.br\/noticia\/wp-json\/wp\/v2\/users\/4"}],"replies":[{"embeddable":true,"href":"https:\/\/migracao.redenoticia.com.br\/noticia\/wp-json\/wp\/v2\/comments?post=121225"}],"version-history":[{"count":0,"href":"https:\/\/migracao.redenoticia.com.br\/noticia\/wp-json\/wp\/v2\/posts\/121225\/revisions"}],"wp:featuredmedia":[{"embeddable":true,"href":"https:\/\/migracao.redenoticia.com.br\/noticia\/wp-json\/wp\/v2\/media\/114640"}],"wp:attachment":[{"href":"https:\/\/migracao.redenoticia.com.br\/noticia\/wp-json\/wp\/v2\/media?parent=121225"}],"wp:term":[{"taxonomy":"category","embeddable":true,"href":"https:\/\/migracao.redenoticia.com.br\/noticia\/wp-json\/wp\/v2\/categories?post=121225"},{"taxonomy":"post_tag","embeddable":true,"href":"https:\/\/migracao.redenoticia.com.br\/noticia\/wp-json\/wp\/v2\/tags?post=121225"}],"curies":[{"name":"wp","href":"https:\/\/api.w.org\/{rel}","templated":true}]}}