{"id":121305,"date":"2017-09-15T16:30:30","date_gmt":"2017-09-15T19:30:30","guid":{"rendered":"https:\/\/www.redenoticia.com.br\/noticia\/?p=121305"},"modified":"2017-09-15T16:28:09","modified_gmt":"2017-09-15T19:28:09","slug":"resumo-novela-novo-mundo-1609-diara-expulsa-greta-de-casa","status":"publish","type":"post","link":"https:\/\/migracao.redenoticia.com.br\/noticia\/2017\/resumo-novela-novo-mundo-1609-diara-expulsa-greta-de-casa\/121305","title":{"rendered":"Resumo novela \u201cNovo Mundo\u201d 16\/09: Diara expulsa Greta de casa"},"content":{"rendered":"<p><img loading=\"lazy\" decoding=\"async\" class=\"alignleft size-thumbnail wp-image-107950\" src=\"https:\/\/migracao.redenoticia.com.br\/noticia\/imagens\/novo_mundo_novela_resumo_globo-150x112.jpg\" alt=\"\" width=\"150\" height=\"112\" srcset=\"https:\/\/migracao.redenoticia.com.br\/noticia\/imagens\/novo_mundo_novela_resumo_globo-150x112.jpg 150w, https:\/\/migracao.redenoticia.com.br\/noticia\/imagens\/novo_mundo_novela_resumo_globo-265x198.jpg 265w\" sizes=\"auto, (max-width: 150px) 100vw, 150px\" \/><strong><em>Resumo novela \u201cNovo Mundo\u201d 16\/09<\/em><\/strong>: no cap\u00edtulo 152(*) da novela \u201cNovo Mundo\u201d, resumo de s\u00e1bado, 16 de setembro, Dom Pedro n\u00e3o resiste a Domitila. Bonif\u00e1cio, Chala\u00e7a e Lurdes impedem o encontro entre Leopoldina e Domitila. Peter cuida de Wolfgang e Diara desconfia de que n\u00e3o se trata de uma doen\u00e7a. Cec\u00edlia e Lib\u00e9rio encontram uma prova da falsifica\u00e7\u00e3o de seu jornal. Diara acusa Greta de ser a causadora do mal-estar de Wolfgang e a expulsa de casa. Bonif\u00e1cio conforta Leopoldina. Em transe, Piat\u00e3 descobre como chegar \u00e0 aldeia das \u00edndias icamiabas. Joaquim elabora um plano para levar Anna e Piat\u00e3 \u00e0 aldeia em seguran\u00e7a.<\/p>\n<p>(*) edi\u00e7\u00e3o da Rede Globo, Novela \u201cNovo Mundo\u201d, sujeito a altera\u00e7\u00e3o de data e conte\u00fado.<\/p>\n<p>Novo Mundo \u00e9 uma telenovela brasileira produzida pela Rede Globo. Escrita por Thereza Falc\u00e3o e Alessandro Marson, conta com dire\u00e7\u00e3o art\u00edstica de Vin\u00edcius Coimbra. Conta com as participa\u00e7\u00f5es de Isabelle Drummond, Chay Suede, Caio Castro, Let\u00edcia Colin, Leo Jaime, D\u00e9bora Olivieri, Rodrigo Simas, Giullia Buscacio, Vivianne Pasmanter, Guilherme Piva, R\u00f4mulo Estrela, Agatha Moreira, Luisa Micheletti, Gabriel Braga Nunes, e Ingrid Guimar\u00e3es.<\/p>\n","protected":false},"excerpt":{"rendered":"<p>Resumo novela \u201cNovo Mundo\u201d 16\/09: no cap\u00edtulo 152(*) da novela \u201cNovo Mundo\u201d, resumo de s\u00e1bado, 16 de setembro, Dom Pedro n\u00e3o resiste a Domitila. Bonif\u00e1cio, Chala\u00e7a e Lurdes impedem o encontro entre Leopoldina e Domitila. Peter cuida de Wolfgang e Diara desconfia de que n\u00e3o se trata de uma doen\u00e7a. Cec\u00edlia e Lib\u00e9rio encontram uma [&hellip;]<\/p>\n","protected":false},"author":4,"featured_media":107950,"comment_status":"open","ping_status":"closed","sticky":false,"template":"","format":"standard","meta":{"tdm_status":"","tdm_grid_status":"","footnotes":""},"categories":[379,375,343],"tags":[441],"class_list":{"0":"post-121305","1":"post","2":"type-post","3":"status-publish","4":"format-standard","5":"has-post-thumbnail","7":"category-novelas","8":"category-rede-globo","9":"category-televisao","10":"tag-resumo-do-dia"},"_links":{"self":[{"href":"https:\/\/migracao.redenoticia.com.br\/noticia\/wp-json\/wp\/v2\/posts\/121305","targetHints":{"allow":["GET"]}}],"collection":[{"href":"https:\/\/migracao.redenoticia.com.br\/noticia\/wp-json\/wp\/v2\/posts"}],"about":[{"href":"https:\/\/migracao.redenoticia.com.br\/noticia\/wp-json\/wp\/v2\/types\/post"}],"author":[{"embeddable":true,"href":"https:\/\/migracao.redenoticia.com.br\/noticia\/wp-json\/wp\/v2\/users\/4"}],"replies":[{"embeddable":true,"href":"https:\/\/migracao.redenoticia.com.br\/noticia\/wp-json\/wp\/v2\/comments?post=121305"}],"version-history":[{"count":0,"href":"https:\/\/migracao.redenoticia.com.br\/noticia\/wp-json\/wp\/v2\/posts\/121305\/revisions"}],"wp:featuredmedia":[{"embeddable":true,"href":"https:\/\/migracao.redenoticia.com.br\/noticia\/wp-json\/wp\/v2\/media\/107950"}],"wp:attachment":[{"href":"https:\/\/migracao.redenoticia.com.br\/noticia\/wp-json\/wp\/v2\/media?parent=121305"}],"wp:term":[{"taxonomy":"category","embeddable":true,"href":"https:\/\/migracao.redenoticia.com.br\/noticia\/wp-json\/wp\/v2\/categories?post=121305"},{"taxonomy":"post_tag","embeddable":true,"href":"https:\/\/migracao.redenoticia.com.br\/noticia\/wp-json\/wp\/v2\/tags?post=121305"}],"curies":[{"name":"wp","href":"https:\/\/api.w.org\/{rel}","templated":true}]}}