{"id":121307,"date":"2017-09-15T16:31:19","date_gmt":"2017-09-15T19:31:19","guid":{"rendered":"https:\/\/www.redenoticia.com.br\/noticia\/?p=121307"},"modified":"2017-09-15T16:29:16","modified_gmt":"2017-09-15T19:29:16","slug":"resumo-novela-pega-pega-1609-dom-descobre-sobre-doenca-de-sabine","status":"publish","type":"post","link":"https:\/\/migracao.redenoticia.com.br\/noticia\/2017\/resumo-novela-pega-pega-1609-dom-descobre-sobre-doenca-de-sabine\/121307","title":{"rendered":"Resumo novela \u201cPega Pega\u201d 16\/09: Dom descobre sobre doen\u00e7a de Sabine"},"content":{"rendered":"<p><img loading=\"lazy\" decoding=\"async\" class=\"alignleft size-thumbnail wp-image-114640\" src=\"https:\/\/migracao.redenoticia.com.br\/noticia\/imagens\/pega-pega-globo-novela-resumo-150x112.jpg\" alt=\"\" width=\"150\" height=\"112\" srcset=\"https:\/\/migracao.redenoticia.com.br\/noticia\/imagens\/pega-pega-globo-novela-resumo-150x112.jpg 150w, https:\/\/migracao.redenoticia.com.br\/noticia\/imagens\/pega-pega-globo-novela-resumo-265x198.jpg 265w\" sizes=\"auto, (max-width: 150px) 100vw, 150px\" \/><strong><em>Resumo novela \u201cPega Pega\u201d 16\/09<\/em><\/strong>: no cap\u00edtulo 089(*) da novela \u201cPega Pega\u201d, resumo de s\u00e1bado, 16 de setembro, Malagueta guarda a mala com o dinheiro roubado em um arm\u00e1rio de uma academia de gin\u00e1stica. D\u00edlson avisa a Madalena que contou a Dom que Sabine a insultou. Maria Pia confessa que ficou preocupada com Malagueta ao saber que J\u00falio havia se entregado. Dom avisa a Sabine para se afastar de Madalena e Crist\u00f3v\u00e3o. Arlete leva Prazeres ao Carioca Palace para se formar no curso ministrado por Pedrinho. Adriano revela a Dom que Sabine n\u00e3o est\u00e1 bem de sa\u00fade. Arlete leva um susto ao saber que o passageiro de seu t\u00e1xi \u00e9 Eric e acaba sofrendo um acidente.<\/p>\n<p>(*) edi\u00e7\u00e3o da Rede Globo, Novela \u201cPega Pega\u201d, sujeito a altera\u00e7\u00e3o de data e conte\u00fado.<\/p>\n<p>Pega Pega \u00e9 uma telenovela brasileira produzida pela Rede Globo, para o hor\u00e1rio das 19 horas. Ambientada no Rio de Janeiro, entre os bairros de Copacabana e Tijuca, Pega Pega tem como trama central o roubo ao Hotel Carioca Palace e seus desdobramentos na vida de cada um dos envolvidos, sejam eles h\u00f3spedes, suspeitos ou convidados do grande baile de gala. Assinando a autoria de uma novela pela primeira vez, Claudia Souto prop\u00f5e falar de \u00e9tica com bom humor, sob o ponto de vista de pessoas comuns.<\/p>\n","protected":false},"excerpt":{"rendered":"<p>Resumo novela \u201cPega Pega\u201d 16\/09: no cap\u00edtulo 089(*) da novela \u201cPega Pega\u201d, resumo de s\u00e1bado, 16 de setembro, Malagueta guarda a mala com o dinheiro roubado em um arm\u00e1rio de uma academia de gin\u00e1stica. D\u00edlson avisa a Madalena que contou a Dom que Sabine a insultou. Maria Pia confessa que ficou preocupada com Malagueta ao [&hellip;]<\/p>\n","protected":false},"author":4,"featured_media":114640,"comment_status":"open","ping_status":"closed","sticky":false,"template":"","format":"standard","meta":{"tdm_status":"","tdm_grid_status":"","footnotes":""},"categories":[379,375,343],"tags":[441],"class_list":{"0":"post-121307","1":"post","2":"type-post","3":"status-publish","4":"format-standard","5":"has-post-thumbnail","7":"category-novelas","8":"category-rede-globo","9":"category-televisao","10":"tag-resumo-do-dia"},"_links":{"self":[{"href":"https:\/\/migracao.redenoticia.com.br\/noticia\/wp-json\/wp\/v2\/posts\/121307","targetHints":{"allow":["GET"]}}],"collection":[{"href":"https:\/\/migracao.redenoticia.com.br\/noticia\/wp-json\/wp\/v2\/posts"}],"about":[{"href":"https:\/\/migracao.redenoticia.com.br\/noticia\/wp-json\/wp\/v2\/types\/post"}],"author":[{"embeddable":true,"href":"https:\/\/migracao.redenoticia.com.br\/noticia\/wp-json\/wp\/v2\/users\/4"}],"replies":[{"embeddable":true,"href":"https:\/\/migracao.redenoticia.com.br\/noticia\/wp-json\/wp\/v2\/comments?post=121307"}],"version-history":[{"count":0,"href":"https:\/\/migracao.redenoticia.com.br\/noticia\/wp-json\/wp\/v2\/posts\/121307\/revisions"}],"wp:featuredmedia":[{"embeddable":true,"href":"https:\/\/migracao.redenoticia.com.br\/noticia\/wp-json\/wp\/v2\/media\/114640"}],"wp:attachment":[{"href":"https:\/\/migracao.redenoticia.com.br\/noticia\/wp-json\/wp\/v2\/media?parent=121307"}],"wp:term":[{"taxonomy":"category","embeddable":true,"href":"https:\/\/migracao.redenoticia.com.br\/noticia\/wp-json\/wp\/v2\/categories?post=121307"},{"taxonomy":"post_tag","embeddable":true,"href":"https:\/\/migracao.redenoticia.com.br\/noticia\/wp-json\/wp\/v2\/tags?post=121307"}],"curies":[{"name":"wp","href":"https:\/\/api.w.org\/{rel}","templated":true}]}}