{"id":121628,"date":"2017-09-22T00:06:52","date_gmt":"2017-09-22T03:06:52","guid":{"rendered":"https:\/\/www.redenoticia.com.br\/noticia\/?p=121628"},"modified":"2017-12-08T00:02:25","modified_gmt":"2017-12-08T02:02:25","slug":"a-fazenda-nova-chance-votacao-em-nicole-e-monick-movimenta-as-enquetes","status":"publish","type":"post","link":"https:\/\/migracao.redenoticia.com.br\/noticia\/2017\/a-fazenda-nova-chance-votacao-em-nicole-e-monick-movimenta-as-enquetes\/121628","title":{"rendered":"&#8220;A Fazenda&#8221; Nova Chance: vota\u00e7\u00e3o em Nicole e Monick movimentou a enquete"},"content":{"rendered":"<p><img loading=\"lazy\" decoding=\"async\" class=\"alignleft size-thumbnail wp-image-59670\" src=\"https:\/\/migracao.redenoticia.com.br\/noticia\/imagens\/a_fazenda_enquete_roca-150x112.jpg\" alt=\"\" width=\"150\" height=\"112\" srcset=\"https:\/\/migracao.redenoticia.com.br\/noticia\/imagens\/a_fazenda_enquete_roca-150x112.jpg 150w, https:\/\/migracao.redenoticia.com.br\/noticia\/imagens\/a_fazenda_enquete_roca-265x198.jpg 265w\" sizes=\"auto, (max-width: 150px) 100vw, 150px\" \/><strong><em>\u201cA Fazenda\u201d forma\u00e7\u00e3o da ro\u00e7a e enquete:<\/em><\/strong> com 68,26% dos votos do p\u00fablico, Monick ficou na Fazenda, e Nicole foi eliminada. A primeira ro\u00e7a desta temporada come\u00e7ou com a vota\u00e7\u00e3o na noite desta ter\u00e7a-feira (19\/09). O apresentador Roberto Justus chamou os pe\u00f5es para a \u00e1rea de vota\u00e7\u00e3o. A Fazendeira Fl\u00e1via indicou Monick Camargo para a ro\u00e7a. Ana Paula recebeu a maioria dos votos dos pe\u00f5es e ocupou o segundo banco da ro\u00e7a. <\/p>\n<p>Not\u00edcia relacionada &#8220;A Fazenda&#8221;: <\/p>\n<p>Ana Paula indicou Nicole para o terceiro banco da ro\u00e7a. Monick, Ana Paula e Nicole disputaram a prova do Fazendeiro. Ana Paula ganhou a prova de obst\u00e1culos (subir postes para tocar um sino) com agilidade e equil\u00edbrio: Nicole e Monick foram para a ro\u00e7a e disputaram a prefer\u00eancia do p\u00fablico para continuarem em &#8220;A Fazenda&#8221;. <\/p>\n<p>Resultado parcial da enquete:<br \/>\n(20\/09 &#8211; 09h36): Monick 70.27%; Nicole 29.73%. Total  5.775 Votos.<br \/>\n(20\/09 &#8211; 23h46): Monick 69.66%; Nicole 30.34%. Total 17.208 Votos.<br \/>\n(21\/09 &#8211; 13h46): Monick 70.32%; Nicole 29.68%. Total 24.803 Votos.<br \/>\n(22\/09 &#8211; 00h03): Monick 69.72%; Nicole 30.28%. Total 38.161 Votos.<\/p>\n<p>O voto v\u00e1lido foi registrado no portal oficial do programa  Rede Record.<\/p>\n<p>&#8212;<\/p>\n<p>Pe\u00f5es &#8220;A Fazenda&#8221; Nova Chance:<\/p>\n<p>Equipe Ferro: Monick Camargo; Monique Amin; Marcelo Ie-I\u00ea; Matheus Lisboa; Nicole Bahls; F\u00e1bio Arruda; Rita Cadillac; Ana Paula Minerato.<\/p>\n<p>Equipe Fogo: Fl\u00e1via Viana; Adriana Bombom; Yuri Fernandes; Conrado; Marcos Harter; Dinei; Aritana Maroni; Nahim.<\/p>\n<p>Rede Record &#8220;A Fazenda&#8221; Nova Chance<\/p>\n","protected":false},"excerpt":{"rendered":"<p>\u201cA Fazenda\u201d forma\u00e7\u00e3o da ro\u00e7a e enquete: com 68,26% dos votos do p\u00fablico, Monick ficou na Fazenda, e Nicole foi eliminada. A primeira ro\u00e7a desta temporada come\u00e7ou com a vota\u00e7\u00e3o na noite desta ter\u00e7a-feira (19\/09). O apresentador Roberto Justus chamou os pe\u00f5es para a \u00e1rea de vota\u00e7\u00e3o. A Fazendeira Fl\u00e1via indicou Monick Camargo para a [&hellip;]<\/p>\n","protected":false},"author":2,"featured_media":59670,"comment_status":"open","ping_status":"closed","sticky":false,"template":"","format":"standard","meta":{"tdm_status":"","tdm_grid_status":"","footnotes":""},"categories":[406,371,343],"tags":[440],"class_list":{"0":"post-121628","1":"post","2":"type-post","3":"status-publish","4":"format-standard","5":"has-post-thumbnail","7":"category-a-fazenda","8":"category-rede-record","9":"category-televisao","10":"tag-noticia-novela"},"_links":{"self":[{"href":"https:\/\/migracao.redenoticia.com.br\/noticia\/wp-json\/wp\/v2\/posts\/121628","targetHints":{"allow":["GET"]}}],"collection":[{"href":"https:\/\/migracao.redenoticia.com.br\/noticia\/wp-json\/wp\/v2\/posts"}],"about":[{"href":"https:\/\/migracao.redenoticia.com.br\/noticia\/wp-json\/wp\/v2\/types\/post"}],"author":[{"embeddable":true,"href":"https:\/\/migracao.redenoticia.com.br\/noticia\/wp-json\/wp\/v2\/users\/2"}],"replies":[{"embeddable":true,"href":"https:\/\/migracao.redenoticia.com.br\/noticia\/wp-json\/wp\/v2\/comments?post=121628"}],"version-history":[{"count":0,"href":"https:\/\/migracao.redenoticia.com.br\/noticia\/wp-json\/wp\/v2\/posts\/121628\/revisions"}],"wp:featuredmedia":[{"embeddable":true,"href":"https:\/\/migracao.redenoticia.com.br\/noticia\/wp-json\/wp\/v2\/media\/59670"}],"wp:attachment":[{"href":"https:\/\/migracao.redenoticia.com.br\/noticia\/wp-json\/wp\/v2\/media?parent=121628"}],"wp:term":[{"taxonomy":"category","embeddable":true,"href":"https:\/\/migracao.redenoticia.com.br\/noticia\/wp-json\/wp\/v2\/categories?post=121628"},{"taxonomy":"post_tag","embeddable":true,"href":"https:\/\/migracao.redenoticia.com.br\/noticia\/wp-json\/wp\/v2\/tags?post=121628"}],"curies":[{"name":"wp","href":"https:\/\/api.w.org\/{rel}","templated":true}]}}