{"id":121665,"date":"2017-09-21T00:06:18","date_gmt":"2017-09-21T03:06:18","guid":{"rendered":"https:\/\/www.redenoticia.com.br\/noticia\/?p=121665"},"modified":"2017-09-20T16:16:10","modified_gmt":"2017-09-20T19:16:10","slug":"ufscar-sorocaba-abre-processo-seletivo-para-pos-graduacao-em-ciencia-dos-materiais","status":"publish","type":"post","link":"https:\/\/migracao.redenoticia.com.br\/noticia\/2017\/ufscar-sorocaba-abre-processo-seletivo-para-pos-graduacao-em-ciencia-dos-materiais\/121665","title":{"rendered":"UFSCar Sorocaba abre processo seletivo para p\u00f3s-gradua\u00e7\u00e3o em Ci\u00eancia dos Materiais"},"content":{"rendered":"<p> Ag\u00eancia FAPESP\u00a0\u2013 O Programa de <strong><em>P\u00f3s-Gradua\u00e7\u00e3o em Ci\u00eancia dos Materiais<\/em><\/strong> do Campus Sorocaba (PPGCM-So) da Universidade Federal de S\u00e3o Carlos (UFSCar) est\u00e1 com inscri\u00e7\u00f5es abertas no processo seletivo para Ci\u00eancia dos Materiais, destinado a estudantes com dedica\u00e7\u00e3o integral \u00e0s atividades do curso de mestrado acad\u00eamico.<\/p>\n<p>Ao todo, s\u00e3o oferecidas 27 vagas para ingresso em mar\u00e7o de 2018. O Programa possui duas \u00e1reas de concentra\u00e7\u00e3o: &#8220;Materiais Funcionais e Pol\u00edmeros de Fontes Renov\u00e1veis&#8221; e &#8220;Nanoci\u00eancia e Nanotecnologia de Materiais&#8221;, com v\u00e1rias linhas de pesquisa relacionadas a essas tem\u00e1ticas.<\/p>\n<p>O processo seletivo ser\u00e1 composto por tr\u00eas etapas. A primeira consiste em uma prova escrita de conhecimentos espec\u00edficos em Ci\u00eancias Exatas (de car\u00e1ter eliminat\u00f3rio e classificat\u00f3rio). A segunda fase, classificat\u00f3ria, ser\u00e1 a an\u00e1lise de documenta\u00e7\u00e3o. Na terceira etapa, ser\u00e1 feita a defesa oral do curr\u00edculo e argui\u00e7\u00e3o (car\u00e1ter eliminat\u00f3rio e classificat\u00f3rio).<\/p>\n<p>As inscri\u00e7\u00f5es j\u00e1 est\u00e3o abertas e dever\u00e3o ser enviadas exclusivamente pelos Correios, via Sedex (para: Programa de P\u00f3s-Gradua\u00e7\u00e3o em Ci\u00eancia dos Materiais \u2013 Pr\u00e9dio PPG2 \u2013 rod. Jo\u00e3o Leme dos Santos, km 110, Bairro Itinga, CEP 18052-780, Sorocaba, SP), apresentando data da postagem at\u00e9 o dia 24 de setembro de 2017.<\/p>\n<p>A lista de documentos e demais informa\u00e7\u00f5es sobre o processo de sele\u00e7\u00e3o podem ser consultadas no edital do processo seletivo, dispon\u00edvel no\u00a0.<\/p>\n","protected":false},"excerpt":{"rendered":"<p>Ag\u00eancia FAPESP\u00a0\u2013 O Programa de P\u00f3s-Gradua\u00e7\u00e3o em Ci\u00eancia dos Materiais do Campus Sorocaba (PPGCM-So) da Universidade Federal de S\u00e3o Carlos (UFSCar) est\u00e1 com inscri\u00e7\u00f5es abertas no processo seletivo para Ci\u00eancia dos Materiais, destinado a estudantes com dedica\u00e7\u00e3o integral \u00e0s atividades do curso de mestrado acad\u00eamico. Ao todo, s\u00e3o oferecidas 27 vagas para ingresso em mar\u00e7o [&hellip;]<\/p>\n","protected":false},"author":2,"featured_media":37419,"comment_status":"open","ping_status":"closed","sticky":false,"template":"","format":"standard","meta":{"tdm_status":"","tdm_grid_status":"","footnotes":""},"categories":[22,351,370],"tags":[],"class_list":{"0":"post-121665","1":"post","2":"type-post","3":"status-publish","4":"format-standard","5":"has-post-thumbnail","7":"category-brasil","8":"category-cursos","9":"category-inscricao"},"_links":{"self":[{"href":"https:\/\/migracao.redenoticia.com.br\/noticia\/wp-json\/wp\/v2\/posts\/121665","targetHints":{"allow":["GET"]}}],"collection":[{"href":"https:\/\/migracao.redenoticia.com.br\/noticia\/wp-json\/wp\/v2\/posts"}],"about":[{"href":"https:\/\/migracao.redenoticia.com.br\/noticia\/wp-json\/wp\/v2\/types\/post"}],"author":[{"embeddable":true,"href":"https:\/\/migracao.redenoticia.com.br\/noticia\/wp-json\/wp\/v2\/users\/2"}],"replies":[{"embeddable":true,"href":"https:\/\/migracao.redenoticia.com.br\/noticia\/wp-json\/wp\/v2\/comments?post=121665"}],"version-history":[{"count":0,"href":"https:\/\/migracao.redenoticia.com.br\/noticia\/wp-json\/wp\/v2\/posts\/121665\/revisions"}],"wp:featuredmedia":[{"embeddable":true,"href":"https:\/\/migracao.redenoticia.com.br\/noticia\/wp-json\/wp\/v2\/media\/37419"}],"wp:attachment":[{"href":"https:\/\/migracao.redenoticia.com.br\/noticia\/wp-json\/wp\/v2\/media?parent=121665"}],"wp:term":[{"taxonomy":"category","embeddable":true,"href":"https:\/\/migracao.redenoticia.com.br\/noticia\/wp-json\/wp\/v2\/categories?post=121665"},{"taxonomy":"post_tag","embeddable":true,"href":"https:\/\/migracao.redenoticia.com.br\/noticia\/wp-json\/wp\/v2\/tags?post=121665"}],"curies":[{"name":"wp","href":"https:\/\/api.w.org\/{rel}","templated":true}]}}