{"id":121669,"date":"2017-09-21T00:08:56","date_gmt":"2017-09-21T03:08:56","guid":{"rendered":"https:\/\/www.redenoticia.com.br\/noticia\/?p=121669"},"modified":"2017-09-20T16:22:06","modified_gmt":"2017-09-20T19:22:06","slug":"ipq-da-usp-promove-debates-sobre-transtornos-mentais","status":"publish","type":"post","link":"https:\/\/migracao.redenoticia.com.br\/noticia\/2017\/ipq-da-usp-promove-debates-sobre-transtornos-mentais\/121669","title":{"rendered":"IPq da USP promove debates sobre transtornos mentais"},"content":{"rendered":"<p> No pr\u00f3ximo dia 29 de setembro, o Instituto de Psiquiatria do Hospital das Cl\u00ednicas da USP \u2013 Ipq realiza a 6\u00aa edi\u00e7\u00e3o do \u201c<strong><em>IPq Portas Abertas<\/em><\/strong>\u201d, iniciativa pioneira no Brasil coordenada pelo Prof. Wagner Gattaz.Titular de psiquiatria da FMUSP e presidente do Instituto de Psiquiatria, Gattaz coordenou a\u00e7\u00e3o semelhante no Instituto de Sa\u00fade Mental da Universidade de Heidelberg, na Alemanha, que inspirou a atividade no Brasil.<\/p>\n<p>A a\u00e7\u00e3o no dia 29 tem entrada gratuita e acontecer\u00e1 das 8h30 \u00e0s 17h, com mais de 160 palestras e outras atividades coordenadas por especialistas do IPq, que estar\u00e3o \u00e0 disposi\u00e7\u00e3o da popula\u00e7\u00e3o para falar sobre o assunto.<\/p>\n<p>O principal objetivo \u00e9 chamar a aten\u00e7\u00e3o da sociedade para a import\u00e2ncia de debater abertamente sobre os transtornos mentais. Segundo os especialistas, a informa\u00e7\u00e3o \u00e9 o caminho para a preven\u00e7\u00e3o e o combate do estigma, a exemplo da campanha \u201cSetembro Amarelo\u201d, de preven\u00e7\u00e3o ao suic\u00eddio.<\/p>\n<p>Entre os temas a serem abordados, est\u00e3o quest\u00f5es delicadas como \u2018Transtorno de ansiedade generalizada (TAG)\u2019, \u2018P\u00e2nico e fobias\u2019, \u2018Cracol\u00e2ndia: o que o mundo nos ensina?\u2019, \u2018Amor e ci\u00fame patol\u00f3gicos\u2019, \u2018Rela\u00e7\u00e3o homem x mulher \u2013 os desafios desta constru\u00e7\u00e3o\u2019, \u2018\u00a0Transtorno Borderline\u2019, \u2018Transtorno bipolar\u2019, \u2018\u00a0Tratando a agressividade na inf\u00e2ncia e adolesc\u00eancia\u2019, \u2018S\u00edndrome de Burnout: quando a exaust\u00e3o no trabalho vira doen\u00e7a\u2019, \u2018Obesidade na inf\u00e2ncia e adolesc\u00eancia\u2019, \u2018Tens\u00e3o pr\u00e9-menstrual e sa\u00fade mental\u2019, entre outros.<\/p>\n<p>Clique\u00a0\u00a0para ver a programa\u00e7\u00e3o completa da\u00a06\u00aa edi\u00e7\u00e3o do \u201cIPq Portas Abertas\u201d.<\/p>\n<p>Os interessados podem se inscrever e obter mais informa\u00e7\u00f5es pelo site\u00a0\u00a0ou pelos telefones (11)\u00a026617288 \u00a0e (11) 26616267.<\/p>\n<p>Do Portal do Governo SP<\/p>\n","protected":false},"excerpt":{"rendered":"<p>No pr\u00f3ximo dia 29 de setembro, o Instituto de Psiquiatria do Hospital das Cl\u00ednicas da USP \u2013 Ipq realiza a 6\u00aa edi\u00e7\u00e3o do \u201cIPq Portas Abertas\u201d, iniciativa pioneira no Brasil coordenada pelo Prof. Wagner Gattaz.Titular de psiquiatria da FMUSP e presidente do Instituto de Psiquiatria, Gattaz coordenou a\u00e7\u00e3o semelhante no Instituto de Sa\u00fade Mental da [&hellip;]<\/p>\n","protected":false},"author":2,"featured_media":28951,"comment_status":"open","ping_status":"closed","sticky":false,"template":"","format":"standard","meta":{"tdm_status":"","tdm_grid_status":"","footnotes":""},"categories":[22,5],"tags":[],"class_list":{"0":"post-121669","1":"post","2":"type-post","3":"status-publish","4":"format-standard","5":"has-post-thumbnail","7":"category-brasil","8":"category-saude-e-vida"},"_links":{"self":[{"href":"https:\/\/migracao.redenoticia.com.br\/noticia\/wp-json\/wp\/v2\/posts\/121669","targetHints":{"allow":["GET"]}}],"collection":[{"href":"https:\/\/migracao.redenoticia.com.br\/noticia\/wp-json\/wp\/v2\/posts"}],"about":[{"href":"https:\/\/migracao.redenoticia.com.br\/noticia\/wp-json\/wp\/v2\/types\/post"}],"author":[{"embeddable":true,"href":"https:\/\/migracao.redenoticia.com.br\/noticia\/wp-json\/wp\/v2\/users\/2"}],"replies":[{"embeddable":true,"href":"https:\/\/migracao.redenoticia.com.br\/noticia\/wp-json\/wp\/v2\/comments?post=121669"}],"version-history":[{"count":0,"href":"https:\/\/migracao.redenoticia.com.br\/noticia\/wp-json\/wp\/v2\/posts\/121669\/revisions"}],"wp:featuredmedia":[{"embeddable":true,"href":"https:\/\/migracao.redenoticia.com.br\/noticia\/wp-json\/wp\/v2\/media\/28951"}],"wp:attachment":[{"href":"https:\/\/migracao.redenoticia.com.br\/noticia\/wp-json\/wp\/v2\/media?parent=121669"}],"wp:term":[{"taxonomy":"category","embeddable":true,"href":"https:\/\/migracao.redenoticia.com.br\/noticia\/wp-json\/wp\/v2\/categories?post=121669"},{"taxonomy":"post_tag","embeddable":true,"href":"https:\/\/migracao.redenoticia.com.br\/noticia\/wp-json\/wp\/v2\/tags?post=121669"}],"curies":[{"name":"wp","href":"https:\/\/api.w.org\/{rel}","templated":true}]}}