{"id":121759,"date":"2017-09-22T00:04:00","date_gmt":"2017-09-22T03:04:00","guid":{"rendered":"https:\/\/www.redenoticia.com.br\/noticia\/?p=121759"},"modified":"2017-09-21T16:14:50","modified_gmt":"2017-09-21T19:14:50","slug":"pro-sangue-registra-queda-de-estoque-e-precisa-de-doacao-com-urgencia","status":"publish","type":"post","link":"https:\/\/migracao.redenoticia.com.br\/noticia\/2017\/pro-sangue-registra-queda-de-estoque-e-precisa-de-doacao-com-urgencia\/121759","title":{"rendered":"Pr\u00f3-Sangue registra queda de estoque e precisa de doa\u00e7\u00e3o com urg\u00eancia"},"content":{"rendered":"<p> As reservas da <strong><em>Funda\u00e7\u00e3o Pr\u00f3-Sangue<\/em><\/strong> encontram-se em situa\u00e7\u00e3o cr\u00edtica e emergencial. No momento, os tipos sangu\u00edneos A- e B- est\u00e3o em estado cr\u00edtico. Ou seja, em condi\u00e7\u00f5es de abastecer os hospitais por apenas dois dias. O tipo O- est\u00e1 em emerg\u00eancia e s\u00f3 garante o suprimento por um dia.<\/p>\n<p>Por isso, a Funda\u00e7\u00e3o convida as pessoas para fazerem doa\u00e7\u00f5es evitando, assim. que o abastecimento dos hospitais seja comprometido.\u00a0 A Pr\u00f3-Sangue fornece sangue para mais de 100 institui\u00e7\u00f5es de sa\u00fade da rede p\u00fablica do Estado de S\u00e3o Paulo.<\/p>\n<p>A Funda\u00e7\u00e3o Pr\u00f3-Sangue \u00e9 uma institui\u00e7\u00e3o p\u00fablica, criada em 1984, que arrecada cerca de 12 mil bolsas por m\u00eas, sendo respons\u00e1vel por 32% de todo o sangue consumido na capital e Regi\u00e3o Metropolitana de S\u00e3o Paulo.<\/p>\n<p>Saiba como colaborar<\/p>\n<p>Para doar sangue basta estar em boas condi\u00e7\u00f5es de sa\u00fade;<\/p>\n<p>Ir alimentado e ter entre 16 e 69 anos (para menores, consultar site da Pr\u00f3-Sangue);<\/p>\n<p>Pesar mais de 50 kg;<\/p>\n<p>Trazer documento de identidade original com foto recente, que permita a identifica\u00e7\u00e3o do candidato.<\/p>\n<p>Vale lembrar que \u00e9 bom evitar alimentos gordurosos nas 4 horas que antecedem a doa\u00e7\u00e3o e, no caso de bebidas alco\u00f3licas, 12 horas antes;<\/p>\n<p>Se a pessoa estiver com gripe ou resfriado, n\u00e3o deve doar temporariamente. Mesmo que tenha se recuperado, deve aguardar uma semana para que esteja novamente apta \u00e0 doa\u00e7\u00e3o.<\/p>\n<p>Outros impedimentos poder\u00e3o ser identificados durante a entrevista de triagem, no dia da doa\u00e7\u00e3o. Para tanto, basta acessar o\u00a0\u00a0e consultar os pr\u00e9-requisitos de doa\u00e7\u00e3o. Para hor\u00e1rio de funcionamento dos demais postos de coleta, acesse:\u00a0. Mais informa\u00e7\u00f5es no Al\u00f4 Pr\u00f3-Sangue: 0800 55 0300. <\/p>\n<p>Posto Cl\u00ednicas<br \/>\nDe segunda a sexta das 7h \u00e0s 18h. Aos s\u00e1bados, feriados e pontes das 8h \u00e0s 17h ; nos 1\u00ba e 3\u00ba domingos de cada m\u00eas das 8h \u00e0s 13h<br \/>\nAv. Dr. En\u00e9as Carvalho de Aguiar, 155, 1\u00ba andar, a 200 metros da esta\u00e7\u00e3o Cl\u00ednicas do Metr\u00f4O estacionamento, gratuito aos doadores, \u00e9 o subterr\u00e2neo \u2013 Garagem Cl\u00ednicas, na Av. Dr. En\u00e9as Carvalho de Aguiar.<\/p>\n<p>Do Portal do Governo SP<\/p>\n","protected":false},"excerpt":{"rendered":"<p>As reservas da Funda\u00e7\u00e3o Pr\u00f3-Sangue encontram-se em situa\u00e7\u00e3o cr\u00edtica e emergencial. No momento, os tipos sangu\u00edneos A- e B- est\u00e3o em estado cr\u00edtico. Ou seja, em condi\u00e7\u00f5es de abastecer os hospitais por apenas dois dias. O tipo O- est\u00e1 em emerg\u00eancia e s\u00f3 garante o suprimento por um dia. Por isso, a Funda\u00e7\u00e3o convida as [&hellip;]<\/p>\n","protected":false},"author":2,"featured_media":37376,"comment_status":"open","ping_status":"closed","sticky":false,"template":"","format":"standard","meta":{"tdm_status":"","tdm_grid_status":"","footnotes":""},"categories":[22,5],"tags":[],"class_list":{"0":"post-121759","1":"post","2":"type-post","3":"status-publish","4":"format-standard","5":"has-post-thumbnail","7":"category-brasil","8":"category-saude-e-vida"},"_links":{"self":[{"href":"https:\/\/migracao.redenoticia.com.br\/noticia\/wp-json\/wp\/v2\/posts\/121759","targetHints":{"allow":["GET"]}}],"collection":[{"href":"https:\/\/migracao.redenoticia.com.br\/noticia\/wp-json\/wp\/v2\/posts"}],"about":[{"href":"https:\/\/migracao.redenoticia.com.br\/noticia\/wp-json\/wp\/v2\/types\/post"}],"author":[{"embeddable":true,"href":"https:\/\/migracao.redenoticia.com.br\/noticia\/wp-json\/wp\/v2\/users\/2"}],"replies":[{"embeddable":true,"href":"https:\/\/migracao.redenoticia.com.br\/noticia\/wp-json\/wp\/v2\/comments?post=121759"}],"version-history":[{"count":0,"href":"https:\/\/migracao.redenoticia.com.br\/noticia\/wp-json\/wp\/v2\/posts\/121759\/revisions"}],"wp:featuredmedia":[{"embeddable":true,"href":"https:\/\/migracao.redenoticia.com.br\/noticia\/wp-json\/wp\/v2\/media\/37376"}],"wp:attachment":[{"href":"https:\/\/migracao.redenoticia.com.br\/noticia\/wp-json\/wp\/v2\/media?parent=121759"}],"wp:term":[{"taxonomy":"category","embeddable":true,"href":"https:\/\/migracao.redenoticia.com.br\/noticia\/wp-json\/wp\/v2\/categories?post=121759"},{"taxonomy":"post_tag","embeddable":true,"href":"https:\/\/migracao.redenoticia.com.br\/noticia\/wp-json\/wp\/v2\/tags?post=121759"}],"curies":[{"name":"wp","href":"https:\/\/api.w.org\/{rel}","templated":true}]}}