{"id":121764,"date":"2017-09-22T00:05:54","date_gmt":"2017-09-22T03:05:54","guid":{"rendered":"https:\/\/www.redenoticia.com.br\/noticia\/?p=121764"},"modified":"2017-09-21T16:16:33","modified_gmt":"2017-09-21T19:16:33","slug":"infeccoes-decorrentes-de-agua-de-ma-qualidade-podem-ser-causa-de-deficit-de-estatura","status":"publish","type":"post","link":"https:\/\/migracao.redenoticia.com.br\/noticia\/2017\/infeccoes-decorrentes-de-agua-de-ma-qualidade-podem-ser-causa-de-deficit-de-estatura\/121764","title":{"rendered":"Infec\u00e7\u00f5es decorrentes de \u00e1gua de m\u00e1 qualidade podem ser causa de d\u00e9ficit de estatura"},"content":{"rendered":"<p> Karina Toledo, de Lincoln\u00a0|\u00a0Ag\u00eancia FAPESP\u00a0\u2013 Reduzir as taxas de mortalidade infantil foi uma das metas estabelecidas pela Organiza\u00e7\u00e3o das Na\u00e7\u00f5es Unidas (ONU) no ano 2000, por meio dos Objetivos do Mil\u00eanio. De fato, muitos avan\u00e7os nesse sentido foram alcan\u00e7ados nas duas \u00faltimas d\u00e9cadas em todo o mundo. \u201cAs crian\u00e7as est\u00e3o sobrevivendo mais, tanto nos pa\u00edses desenvolvidos como nas na\u00e7\u00f5es em desenvolvimento. Por\u00e9m, boa parte delas n\u00e3o est\u00e1 prosperando como poderia e n\u00e3o consegue atingir seu potencial de desenvolvimento cognitivo e f\u00edsico. E isso tem uma tremenda implica\u00e7\u00e3o para os pa\u00edses\u201d, afirmou a pesquisadora Helen Raikes, do Col\u00e9gio de Educa\u00e7\u00e3o e Ci\u00eancias Humanas da University of Nebraska-Lincoln, nos Estados Unidos. Em uma palestra apresentada durante a\u00a0, Raikes falou sobre como a falta de <strong><em>saneamento b\u00e1sico<\/em><\/strong> e de acesso a \u00e1gua pot\u00e1vel de qualidade pode estar na origem de problemas como d\u00e9ficit de estatura e de outras condi\u00e7\u00f5es associadas \u00e0 desnutri\u00e7\u00e3o.<\/p>\n<p>\u201cJ\u00e1 est\u00e1 bem estabelecida a rela\u00e7\u00e3o entre a ocorr\u00eancia frequente de diarreia e mortalidade infantil. Por\u00e9m, estudos recentes t\u00eam mostrado que infec\u00e7\u00f5es bacterianas repetidas tamb\u00e9m podem afetar as vilosidades intestinais e o perfil da microbiota intestinal \u2013 prejudicando a absor\u00e7\u00e3o de nutrientes para o resto da vida\u201d, contou a pesquisadora.<\/p>\n<p>Quando o problema ocorre em per\u00edodos de alta vulnerabilidade, como os primeiros dois anos de vida, os danos podem ser definitivos. Segundo Raikes, tr\u00eas \u00e1reas s\u00e3o particularmente comprometidas: o desenvolvimento cognitivo, a estatura e o microbioma intestinal [fortemente relacionado com a sa\u00fade metab\u00f3lica e a imunidade]. Tal condi\u00e7\u00e3o cria grandes disparidades no desenvolvimento de crian\u00e7as de diferentes contextos socioecon\u00f4micos e causa perda de potencial humano\u201d, afirmou a pesquisadora.<\/p>\n<p>Como comentou Raikes, a neuroci\u00eancia tem mostrado que as experi\u00eancias que um indiv\u00edduo vivencia nos primeiros anos de vida s\u00e3o incorporadas no organismo e constroem as bases para as experi\u00eancias futuras. Um per\u00edodo de desenvolvimento, disse a pesquisadora, \u00e9 constru\u00eddo com base no anterior.<\/p>\n<p>Panorama acreano<\/p>\n<p>A import\u00e2ncia dos primeiros mil dias de vida para o desenvolvimento infantil tamb\u00e9m foi abordada durante a palestra de Marly Augusto Cardoso, professora da Faculdade de Sa\u00fade P\u00fablica (FSP) da Universidade de S\u00e3o Paulo (USP). Ela apresentou, na ter\u00e7a-feira (19\/9), resultados de uma pesquisa feita ao longo de 10 anos (2003-2012) no munic\u00edpio de Acrel\u00e2ndia (AC) com cerca de mil crian\u00e7as menores de 10 anos.<\/p>\n<p>\u201cO que chama aten\u00e7\u00e3o nessa regi\u00e3o, em rela\u00e7\u00e3o ao cen\u00e1rio nacional, \u00e9 que a desnutri\u00e7\u00e3o infantil \u2013 e consequentemente o d\u00e9ficit de estatura e a preval\u00eancia de anemia \u2013 n\u00e3o diminuiu t\u00e3o fortemente como em outros estados brasileiros. O Acre ainda apresenta indicadores de sa\u00fade infantil bem prec\u00e1rios. A ocorr\u00eancia de diarreia em crian\u00e7as pequenas, por exemplo, \u00e9 bem mais frequente do que em outras regi\u00f5es\u201d, disse Cardoso.<\/p>\n<p>Ao mesmo tempo, contou a pesquisadora \u00e0\u00a0Ag\u00eancia FAPESP, \u00e9 poss\u00edvel observar um ganho de peso excessivo nas crian\u00e7as em fase escolar \u2013 possivelmente causado pela substitui\u00e7\u00e3o do padr\u00e3o alimentar tradicional pelo moderno, composto principalmente de produtos ultraprocessados.<\/p>\n<p>\u201cIsso configura um cen\u00e1rio de carga dupla de doen\u00e7as relacionadas ao estado nutricional: ainda h\u00e1 defici\u00eancias n\u00e3o completamente sanadas e, ao mesmo tempo, risco de ganho excessivo de peso que predisp\u00f5e a doen\u00e7as cardiovasculares e metab\u00f3licas na vida adulta\u201d, comentou.<\/p>\n<p>A investiga\u00e7\u00e3o em Acrel\u00e2ndia foi feita com\u00a0\u00a0durante o doutorado de B\u00e1rbara Hatzlhoffer Louren\u00e7o, atualmente professora do Departamento de Medicina Preventiva da Escola Paulista de Medicina (Unifesp).<\/p>\n<p>Atualmente, Cardoso coordena um\u00a0\u00a0que pretende identificar no munic\u00edpio de Cruzeiro do Sul \u2013 o segundo mais populoso do Acre e uma regi\u00e3o end\u00eamica para a mal\u00e1ria \u2013 fatores que podem potencializar tanto a promo\u00e7\u00e3o da sa\u00fade na vida escolar e na adolesc\u00eancia como a redu\u00e7\u00e3o de fatores de riscos na vida adulta.<\/p>\n<p>O estudo de base populacional, que teve in\u00edcio em 2015, pretende acompanhar os determinantes de sa\u00fade materno-infantil desde a gesta\u00e7\u00e3o e o parto at\u00e9 o final do segundo ano de vida. Participam cerca de 1,5 mil fam\u00edlias captadas na \u00fanica maternidade da cidade, gra\u00e7as \u00e0 parceria com agentes comunit\u00e1rios de sa\u00fade do Programa Sa\u00fade da Fam\u00edlia (PSF). Tamb\u00e9m colaboram com o estudo docentes e alunos da Universidade Federal do Acre (UFAC) e da Harvard T.H. Chan School of Public Health.<\/p>\n<p>\u201cO projeto tem muitos eixos. Vamos investigar defici\u00eancias nutricionais nas m\u00e3es e nas crian\u00e7as, risco de infec\u00e7\u00e3o por mal\u00e1ria e dengue, ganho de peso excessivo precoce, alimenta\u00e7\u00e3o complementar e pr\u00e1ticas alimentares das m\u00e3es. Pretendemos tamb\u00e9m estudar a microbiota intestinal dos participantes da pesquisa e fazer an\u00e1lises epigen\u00e9ticas [para entender como os fatores ambientais est\u00e3o modulando a express\u00e3o dos genes]\u201d, contou Cardoso.<\/p>\n<p>An\u00e1lises preliminares em cerca de 500 gestantes do mesmo munic\u00edpio mostrou que 19% delas s\u00e3o adolescentes \u2013 \u00edndice mais alto que a m\u00e9dia nacional. No total, 24% apresentaram sobrepeso no per\u00edodo pr\u00e9-gestacional, 18,7% n\u00e3o ganharam peso suficiente durante a gesta\u00e7\u00e3o e 59%, por outro lado, ganharam peso em excesso no per\u00edodo. O \u00edndice de anemia no terceiro trimestre gestacional foi de 17,5% e 13,4% apresentaram defici\u00eancia de vitamina A.<\/p>\n<p>\u201cAlgo que j\u00e1 pudemos notar \u00e9 que a mal\u00e1ria gestacional \u00e9 um problema negligenciado e sabemos que pode ser uma das causas de baixo peso no nascimento\u201d, afirmou.<\/p>\n<p>No dia anterior, tamb\u00e9m durante a programa\u00e7\u00e3o da FAPESP Week Nebraska-Texas, Susan Sheridan, diretora do Centro Nebraska de Pesquisa em Crian\u00e7a, Juventude, Fam\u00edlias e Escolas, apresentou uma s\u00e9rie de estudos voltados a promover a sa\u00fade mental familiar e, desse modo, possibilitar um melhor desenvolvimento infantil.<\/p>\n<p>Segundo Sheridan, um trabalho colaborativo feito por pesquisadores do Brasil e de Nebraska concluiu que, quando os pais t\u00eam um relacionamento s\u00f3lido, as crian\u00e7as se saem melhor. Essa linha de investiga\u00e7\u00e3o busca atualmente identificar interven\u00e7\u00f5es que melhoram os relacionamentos familiares, como a teleterapia. Mais informa\u00e7\u00f5es em:\u00a0.<\/p>\n","protected":false},"excerpt":{"rendered":"<p>Karina Toledo, de Lincoln\u00a0|\u00a0Ag\u00eancia FAPESP\u00a0\u2013 Reduzir as taxas de mortalidade infantil foi uma das metas estabelecidas pela Organiza\u00e7\u00e3o das Na\u00e7\u00f5es Unidas (ONU) no ano 2000, por meio dos Objetivos do Mil\u00eanio. De fato, muitos avan\u00e7os nesse sentido foram alcan\u00e7ados nas duas \u00faltimas d\u00e9cadas em todo o mundo. \u201cAs crian\u00e7as est\u00e3o sobrevivendo mais, tanto nos pa\u00edses [&hellip;]<\/p>\n","protected":false},"author":2,"featured_media":34905,"comment_status":"open","ping_status":"closed","sticky":false,"template":"","format":"standard","meta":{"tdm_status":"","tdm_grid_status":"","footnotes":""},"categories":[22,5],"tags":[],"class_list":{"0":"post-121764","1":"post","2":"type-post","3":"status-publish","4":"format-standard","5":"has-post-thumbnail","7":"category-brasil","8":"category-saude-e-vida"},"_links":{"self":[{"href":"https:\/\/migracao.redenoticia.com.br\/noticia\/wp-json\/wp\/v2\/posts\/121764","targetHints":{"allow":["GET"]}}],"collection":[{"href":"https:\/\/migracao.redenoticia.com.br\/noticia\/wp-json\/wp\/v2\/posts"}],"about":[{"href":"https:\/\/migracao.redenoticia.com.br\/noticia\/wp-json\/wp\/v2\/types\/post"}],"author":[{"embeddable":true,"href":"https:\/\/migracao.redenoticia.com.br\/noticia\/wp-json\/wp\/v2\/users\/2"}],"replies":[{"embeddable":true,"href":"https:\/\/migracao.redenoticia.com.br\/noticia\/wp-json\/wp\/v2\/comments?post=121764"}],"version-history":[{"count":0,"href":"https:\/\/migracao.redenoticia.com.br\/noticia\/wp-json\/wp\/v2\/posts\/121764\/revisions"}],"wp:featuredmedia":[{"embeddable":true,"href":"https:\/\/migracao.redenoticia.com.br\/noticia\/wp-json\/wp\/v2\/media\/34905"}],"wp:attachment":[{"href":"https:\/\/migracao.redenoticia.com.br\/noticia\/wp-json\/wp\/v2\/media?parent=121764"}],"wp:term":[{"taxonomy":"category","embeddable":true,"href":"https:\/\/migracao.redenoticia.com.br\/noticia\/wp-json\/wp\/v2\/categories?post=121764"},{"taxonomy":"post_tag","embeddable":true,"href":"https:\/\/migracao.redenoticia.com.br\/noticia\/wp-json\/wp\/v2\/tags?post=121764"}],"curies":[{"name":"wp","href":"https:\/\/api.w.org\/{rel}","templated":true}]}}