{"id":121809,"date":"2017-09-21T16:35:28","date_gmt":"2017-09-21T19:35:28","guid":{"rendered":"https:\/\/www.redenoticia.com.br\/noticia\/?p=121809"},"modified":"2017-09-21T16:42:06","modified_gmt":"2017-09-21T19:42:06","slug":"resumo-novela-malhacao-2209-clara-confessa-a-marta-que-esta-a-se-machucar","status":"publish","type":"post","link":"https:\/\/migracao.redenoticia.com.br\/noticia\/2017\/resumo-novela-malhacao-2209-clara-confessa-a-marta-que-esta-a-se-machucar\/121809","title":{"rendered":"Resumo novela \u201cMalha\u00e7\u00e3o\u201d 22\/09: Josefina incentiva Ben\u00ea a vencer o medo"},"content":{"rendered":"<p><img loading=\"lazy\" decoding=\"async\" class=\"alignleft size-thumbnail wp-image-110075\" src=\"https:\/\/migracao.redenoticia.com.br\/noticia\/imagens\/malhacao-viva-a-diferenca-150x112.jpg\" alt=\"\" width=\"150\" height=\"112\" srcset=\"https:\/\/migracao.redenoticia.com.br\/noticia\/imagens\/malhacao-viva-a-diferenca-150x112.jpg 150w, https:\/\/migracao.redenoticia.com.br\/noticia\/imagens\/malhacao-viva-a-diferenca-265x198.jpg 265w\" sizes=\"auto, (max-width: 150px) 100vw, 150px\" \/><strong><em>Resumo novela \u201cMalha\u00e7\u00e3o\u201d 22\/09<\/em><\/strong>: no cap\u00edtulo 099(*) da novela \u201cMalha\u00e7\u00e3o\u201d, resumo de sexta-feira, 22 de setembro, Clara afirma que n\u00e3o quer conversar com Lica sobre suas cicatrizes. Roney se desentende com Josefina por causa de Ben\u00ea. Guto diz que gostou de cantar com Ben\u00ea. Lica pede conselhos a Marta sobre como ajudar Clara. Ellen explica a Nena e Das Dores que ter\u00e1 de fazer uma prova para entrar no Col\u00e9gio Grupo. Tina descobre que Anderson se apresentar\u00e1 com a banda de Samantha na Balada Cultural, e Juca apoia a amiga. Ellen conta a Keyla e Ben\u00ea sobre sua decis\u00e3o. K1 e K2 acreditam que Ellen esteja escondendo algo. Josefina incentiva Ben\u00ea a vencer o medo de tocar em p\u00fablico. Max procura Tina. Clara confessa a Marta que est\u00e1 se machucando.<\/p>\n<p>(*) edi\u00e7\u00e3o da Rede Globo, Novela \u201cMalha\u00e7\u00e3o\u201d, sujeito a altera\u00e7\u00e3o de data e conte\u00fado.<\/p>\n<p>A vig\u00e9sima quinta temporada da s\u00e9rie de televis\u00e3o brasileira Malha\u00e7\u00e3o, produzida pela Rede Globo, \u00e9 escrita por Cao Hamburger, com colabora\u00e7\u00e3o de Jaqueline Vargas, Luciana Pessanha, Vitor Brandt e Carolina Ziskind, e conta com a dire\u00e7\u00e3o de Paulo Silvestrini. Pela primeira vez ap\u00f3s vinte e quatro temporadas, a novela ser\u00e1 ambientada nas zonas leste e sul da cidade de S\u00e3o Paulo. A trama \u00e9 protagonizada por Gabriela Medvedovski, Heslaine Vieira, Ana Hikari, Manoela Aliperti e Daphne Bozaski. O elenco tamb\u00e9m \u00e9 composto por Matheus Abreu, Hall Mendes, Juan Piava, Gabriel Calamari, Bruno Gadiol, Giovanna Grigio, Aline Fanju, L\u00facio Mauro Filho, Malu Galli, Angelo Ant\u00f4nio, Daniela Galli, Marcello Antony, Isabella Scherer, Talita Younan e Carol Macedo nos papeis principais.<\/p>\n","protected":false},"excerpt":{"rendered":"<p>Resumo novela \u201cMalha\u00e7\u00e3o\u201d 22\/09: no cap\u00edtulo 099(*) da novela \u201cMalha\u00e7\u00e3o\u201d, resumo de sexta-feira, 22 de setembro, Clara afirma que n\u00e3o quer conversar com Lica sobre suas cicatrizes. Roney se desentende com Josefina por causa de Ben\u00ea. Guto diz que gostou de cantar com Ben\u00ea. Lica pede conselhos a Marta sobre como ajudar Clara. Ellen explica [&hellip;]<\/p>\n","protected":false},"author":4,"featured_media":110072,"comment_status":"open","ping_status":"closed","sticky":false,"template":"","format":"standard","meta":{"tdm_status":"","tdm_grid_status":"","footnotes":""},"categories":[447,379,375,343],"tags":[441],"class_list":{"0":"post-121809","1":"post","2":"type-post","3":"status-publish","4":"format-standard","5":"has-post-thumbnail","7":"category-malhacao","8":"category-novelas","9":"category-rede-globo","10":"category-televisao","11":"tag-resumo-do-dia"},"_links":{"self":[{"href":"https:\/\/migracao.redenoticia.com.br\/noticia\/wp-json\/wp\/v2\/posts\/121809","targetHints":{"allow":["GET"]}}],"collection":[{"href":"https:\/\/migracao.redenoticia.com.br\/noticia\/wp-json\/wp\/v2\/posts"}],"about":[{"href":"https:\/\/migracao.redenoticia.com.br\/noticia\/wp-json\/wp\/v2\/types\/post"}],"author":[{"embeddable":true,"href":"https:\/\/migracao.redenoticia.com.br\/noticia\/wp-json\/wp\/v2\/users\/4"}],"replies":[{"embeddable":true,"href":"https:\/\/migracao.redenoticia.com.br\/noticia\/wp-json\/wp\/v2\/comments?post=121809"}],"version-history":[{"count":0,"href":"https:\/\/migracao.redenoticia.com.br\/noticia\/wp-json\/wp\/v2\/posts\/121809\/revisions"}],"wp:featuredmedia":[{"embeddable":true,"href":"https:\/\/migracao.redenoticia.com.br\/noticia\/wp-json\/wp\/v2\/media\/110072"}],"wp:attachment":[{"href":"https:\/\/migracao.redenoticia.com.br\/noticia\/wp-json\/wp\/v2\/media?parent=121809"}],"wp:term":[{"taxonomy":"category","embeddable":true,"href":"https:\/\/migracao.redenoticia.com.br\/noticia\/wp-json\/wp\/v2\/categories?post=121809"},{"taxonomy":"post_tag","embeddable":true,"href":"https:\/\/migracao.redenoticia.com.br\/noticia\/wp-json\/wp\/v2\/tags?post=121809"}],"curies":[{"name":"wp","href":"https:\/\/api.w.org\/{rel}","templated":true}]}}