{"id":121874,"date":"2017-09-23T00:06:10","date_gmt":"2017-09-23T03:06:10","guid":{"rendered":"https:\/\/www.redenoticia.com.br\/noticia\/?p=121874"},"modified":"2017-09-22T16:43:15","modified_gmt":"2017-09-22T19:43:15","slug":"resumo-novela-carinha-de-anjo-2509-madre-superiora-expulsa-luzia-do-colegio","status":"publish","type":"post","link":"https:\/\/migracao.redenoticia.com.br\/noticia\/2017\/resumo-novela-carinha-de-anjo-2509-madre-superiora-expulsa-luzia-do-colegio\/121874","title":{"rendered":"Resumo novela \u201cCarinha de Anjo\u201d 25\/09: Madre Superiora expulsa Luzia do col\u00e9gio"},"content":{"rendered":"<p><img loading=\"lazy\" decoding=\"async\" class=\"alignleft size-thumbnail wp-image-99331\" src=\"https:\/\/migracao.redenoticia.com.br\/noticia\/imagens\/carinha_de_anjo_sbt_novela_resumo_capitulo-150x112.jpg\" alt=\"carinha_de_anjo_sbt_novela_resumo_capitulo\" width=\"150\" height=\"112\" srcset=\"https:\/\/migracao.redenoticia.com.br\/noticia\/imagens\/carinha_de_anjo_sbt_novela_resumo_capitulo-150x112.jpg 150w, https:\/\/migracao.redenoticia.com.br\/noticia\/imagens\/carinha_de_anjo_sbt_novela_resumo_capitulo-265x198.jpg 265w\" sizes=\"auto, (max-width: 150px) 100vw, 150px\" \/><strong><em>Resumo novela \u201cCarinha de Anjo\u201d 25\/09<\/em><\/strong>: no cap\u00edtulo 221(*) da novela \u201cCarinha de Anjo\u201d, resumo de segunda-feira, 25 de setembro, Zeca fica chateado que Juju n\u00e3o ser\u00e1 mais sua empres\u00e1ria. Em\u00edlio consegue gravar escondido Frida dizendo que a hist\u00f3ria do livro de B\u00e1rbara ter sido roubado e depois aparecido nas coisas de Adriana foi uma arma\u00e7\u00e3o dela com a amiga e que contou com a ajuda da irm\u00e3 Luzia. A novi\u00e7a Fabiana escuta a grava\u00e7\u00e3o e vai at\u00e9 a sala da Madre Superiora para mostrar o \u00e1udio e desmascarar Luzia. A religiosa fica decepcionado com o que escuta e perdoa a irm\u00e3 Fabiana pela maneira com que conseguiu a grava\u00e7\u00e3o. Adriana chora por ser culpada de algo que n\u00e3o fez e a irm\u00e3 Luzia grita com a pequenina. Madre Superiora chega e manda a freira ir imediatamente para sua sala. Irm\u00e3 Luzia enfrenta a religiosa e faz duras cr\u00edticas e ataques. Madre Superiora expulsa Luzia do col\u00e9gio. O pai de L\u00facia leva a esposa, de quem havia se separado, para tentar se reconciliarem. Luzia diz que o problema da Madre \u00e9 que ela n\u00e3o tem pulso forte o suficiente para estar \u00e0 frente de um col\u00e9gio tradicional. A irm\u00e3 ainda afirma que os pais v\u00e3o criticar a Madre e que ela voltar\u00e1 como diretora geral do internato. Diana e In\u00e1cio conversam com Miguel, Zeca e Z\u00e9 Felipe para avisarem que ir\u00e3o todos para a praia no casamento de Estef\u00e2nia e Vitor. Madre Superiora chora e desabafa com Fabiana. A religiosa diz que foi um dia dif\u00edcil e pede para que Fabiana pegue suas coisas para dormir com as demais irm\u00e3s at\u00e9 que Luzia saia do col\u00e9gio. Madre comunica as meninas que Luzia est\u00e1 fora do col\u00e9gio e as pequeninas ficam felizes. No dia seguinte, antes de ir embora, Luzia pede perd\u00e3o para Madre Superiora.<\/p>\n<p>(*) edi\u00e7\u00e3o do SBT, Novela \u201cCarinha de Anjo\u201d, sujeito a altera\u00e7\u00e3o de data e conte\u00fado.<\/p>\n<p>Carinha de Anjo \u00e9 uma telenovela brasileira produzida e exibida originalmente pelo SBT desde o dia 21 de novembro de 2016, substituindo o hor\u00e1rio anteriormente ocupado por C\u00famplices de um Resgate. A telenovela \u00e9 inspirada na mexicana Carita de \u00e1ngel, que, por sua vez, \u00e9 um remake de Mundo de juguete, ambas produzidas pela Televisa e que haviam sido baseadas na trama argentina escrita por Abel Santa Cruz, Pap\u00e1 coraz\u00f3n. Esta ser\u00e1 a segunda adapta\u00e7\u00e3o brasileira da obra original argentina, visto que a Rede Tupi apresentou em 1976 a sua primeira vers\u00e3o, chamada de Papai Cora\u00e7\u00e3o. A nova vers\u00e3o \u00e9 escrita por Leonor Corr\u00eaa, com supervis\u00e3o de \u00cdris Abravanel e dire\u00e7\u00e3o geral de Ricardo Mantoanelli. A trama conta com Lorena Queiroz, Bia Arantes, Carlo Porto, Priscila Sol, Dani Gondim, Karin Hils, Eliana Guttman e Lucero nos pap\u00e9is principais.<\/p>\n","protected":false},"excerpt":{"rendered":"<p>Resumo novela \u201cCarinha de Anjo\u201d 25\/09: no cap\u00edtulo 221(*) da novela \u201cCarinha de Anjo\u201d, resumo de segunda-feira, 25 de setembro, Zeca fica chateado que Juju n\u00e3o ser\u00e1 mais sua empres\u00e1ria. Em\u00edlio consegue gravar escondido Frida dizendo que a hist\u00f3ria do livro de B\u00e1rbara ter sido roubado e depois aparecido nas coisas de Adriana foi uma [&hellip;]<\/p>\n","protected":false},"author":4,"featured_media":99331,"comment_status":"open","ping_status":"closed","sticky":false,"template":"","format":"standard","meta":{"tdm_status":"","tdm_grid_status":"","footnotes":""},"categories":[452,379,372,343],"tags":[441],"class_list":{"0":"post-121874","1":"post","2":"type-post","3":"status-publish","4":"format-standard","5":"has-post-thumbnail","7":"category-carinha-de-anjo","8":"category-novelas","9":"category-sbt","10":"category-televisao","11":"tag-resumo-do-dia"},"_links":{"self":[{"href":"https:\/\/migracao.redenoticia.com.br\/noticia\/wp-json\/wp\/v2\/posts\/121874","targetHints":{"allow":["GET"]}}],"collection":[{"href":"https:\/\/migracao.redenoticia.com.br\/noticia\/wp-json\/wp\/v2\/posts"}],"about":[{"href":"https:\/\/migracao.redenoticia.com.br\/noticia\/wp-json\/wp\/v2\/types\/post"}],"author":[{"embeddable":true,"href":"https:\/\/migracao.redenoticia.com.br\/noticia\/wp-json\/wp\/v2\/users\/4"}],"replies":[{"embeddable":true,"href":"https:\/\/migracao.redenoticia.com.br\/noticia\/wp-json\/wp\/v2\/comments?post=121874"}],"version-history":[{"count":0,"href":"https:\/\/migracao.redenoticia.com.br\/noticia\/wp-json\/wp\/v2\/posts\/121874\/revisions"}],"wp:featuredmedia":[{"embeddable":true,"href":"https:\/\/migracao.redenoticia.com.br\/noticia\/wp-json\/wp\/v2\/media\/99331"}],"wp:attachment":[{"href":"https:\/\/migracao.redenoticia.com.br\/noticia\/wp-json\/wp\/v2\/media?parent=121874"}],"wp:term":[{"taxonomy":"category","embeddable":true,"href":"https:\/\/migracao.redenoticia.com.br\/noticia\/wp-json\/wp\/v2\/categories?post=121874"},{"taxonomy":"post_tag","embeddable":true,"href":"https:\/\/migracao.redenoticia.com.br\/noticia\/wp-json\/wp\/v2\/tags?post=121874"}],"curies":[{"name":"wp","href":"https:\/\/api.w.org\/{rel}","templated":true}]}}