{"id":121876,"date":"2017-09-23T00:07:37","date_gmt":"2017-09-23T03:07:37","guid":{"rendered":"https:\/\/www.redenoticia.com.br\/noticia\/?p=121876"},"modified":"2017-09-22T16:43:26","modified_gmt":"2017-09-22T19:43:26","slug":"resumo-novela-chiquititas-2509-jp-discute-com-a-mae-por-causa-de-mili","status":"publish","type":"post","link":"https:\/\/migracao.redenoticia.com.br\/noticia\/2017\/resumo-novela-chiquititas-2509-jp-discute-com-a-mae-por-causa-de-mili\/121876","title":{"rendered":"Resumo novela \u201cChiquititas\u201d 25\/09: JP discute com a m\u00e3e por causa de Mili"},"content":{"rendered":"<p><img loading=\"lazy\" decoding=\"async\" class=\"alignleft size-thumbnail wp-image-49690\" src=\"https:\/\/migracao.redenoticia.com.br\/noticia\/imagens\/chiquititas1-150x112.jpg\" alt=\"chiquititas\" width=\"150\" height=\"112\" \/><strong><em>Resumo novela \u201cChiquititas\u201d 25\/09<\/em><\/strong>: no cap\u00edtulo 270(*) da novela \u201cChiquititas\u201d, resumo de segunda-feira, 25 de setembro, Tati v\u00ea que a irm\u00e3, Vivi, est\u00e1 quase pintando o cabelo de loiro. Para fazer com que Vivi pare, ela pede a ajuda de Carol, que consegue impedir a garota. Por\u00e9m, ap\u00f3s a conversa, Vivi finalmente pinta o cabelo de loiro. Vivi tenta esconder as madeixas com um len\u00e7o. Bia e Maria ensinam Neco a utilizar o computador. Vivi vai at\u00e9 a ag\u00eancia e descobre que eles n\u00e3o agenciam garotas com cabelos pintados, pois n\u00e3o passa uma imagem saud\u00e1vel. Vivi volta arrasada para o orfanato. Chico convida Ernestina, que na verdade \u00e9 Matilde, para um encontro durante a noite. Shirley Santana \u00e9 chamada no orfanato para cuidar do cabelo de Vivi. Shirley conta para as Chiquititas que est\u00e1 interessada num homem da comunidade, que se chama C\u00edcero. Vivi diz que esse \u00e9 o nome do pai dela. Shirley acha que \u00e9 apenas uma coincid\u00eancia. JP discute com a m\u00e3e e diz que por suas atitudes a Mili n\u00e3o quer mais sair com eles. Dani acha que Carol d\u00e1 mais aten\u00e7\u00e3o para todos do que para ela. Carol conversa a s\u00f3s com Dani e as duas se entendem. Matilde leva Chico at\u00e9 um boteco e assusta o cozinheiro, que havia planejado algo mais rom\u00e2ntico.<\/p>\n<p>(*) edi\u00e7\u00e3o do SBT, Novela \u201cChiquititas\u201d, sujeito a altera\u00e7\u00e3o de data e conte\u00fado.<\/p>\n<p>Chiquititas gira em torno do orfanato Raio de Luz, que carrega em sua hist\u00f3ria um grande segredo envolvendo a fam\u00edlia e o dono do orfanato, Dr. Jos\u00e9 Ricardo Almeida Campos. Em um per\u00edodo anterior \u00e0 novela, exatos treze anos, sua filha Gabriela se apaixonou e ficou gr\u00e1vida de Miguel, filho de Valentina, empregada da casa dos Almeida Campos. Pouco depois, Jos\u00e9 Ricardo sequestrou sua neta, pois, como um homem conservador, ele n\u00e3o aceitava a ideia de que sua filha se envolvesse com um empregado. Como sua neta, Milena, apelidada como Mili, precisava de um lugar para morar, ele comprou um casar\u00e3o e fundou um orfanato, o Raio de Luz. Mili cresceu l\u00e1 com outras garotas que chegaram posteriormente: Bia, Ana, as irm\u00e3s Tati e Vivi, e Cris. Ao decorrer dos anos, elas se tornam uma fam\u00edlia. Elas s\u00e3o supervisionadas por Ernestina, zeladora do orfanato, e Chico, o cozinheiro amado pelas internas. Sofia, ex-governanta da fam\u00edlia Almeida Campos, \u00e9 a diretora do lugar, at\u00e9 que Carmem, irm\u00e3 de Jos\u00e9 Ricardo, entre em seu lugar. Chegam ainda mais \u00f3rf\u00e3os: Pata, Mosca, Binho e Rafa, que viviam nas ruas antes de entrarem na institui\u00e7\u00e3o. Pata e Mili tornam-se amigas rapidamente, enquanto Mosca, Binho e Rafa s\u00e3o os primeiros garotos a entrar no abrigo. As crian\u00e7as sem-teto foram ajudadas por uma doce e bela garota que tocam e mudam a vida delas, assim como as das garotas \u00f3rf\u00e3s.<\/p>\n","protected":false},"excerpt":{"rendered":"<p>Resumo novela \u201cChiquititas\u201d 25\/09: no cap\u00edtulo 270(*) da novela \u201cChiquititas\u201d, resumo de segunda-feira, 25 de setembro, Tati v\u00ea que a irm\u00e3, Vivi, est\u00e1 quase pintando o cabelo de loiro. Para fazer com que Vivi pare, ela pede a ajuda de Carol, que consegue impedir a garota. Por\u00e9m, ap\u00f3s a conversa, Vivi finalmente pinta o cabelo [&hellip;]<\/p>\n","protected":false},"author":4,"featured_media":49690,"comment_status":"open","ping_status":"closed","sticky":false,"template":"","format":"standard","meta":{"tdm_status":"","tdm_grid_status":"","footnotes":""},"categories":[409,379,372,343],"tags":[441],"class_list":{"0":"post-121876","1":"post","2":"type-post","3":"status-publish","4":"format-standard","5":"has-post-thumbnail","7":"category-chiquititas","8":"category-novelas","9":"category-sbt","10":"category-televisao","11":"tag-resumo-do-dia"},"_links":{"self":[{"href":"https:\/\/migracao.redenoticia.com.br\/noticia\/wp-json\/wp\/v2\/posts\/121876","targetHints":{"allow":["GET"]}}],"collection":[{"href":"https:\/\/migracao.redenoticia.com.br\/noticia\/wp-json\/wp\/v2\/posts"}],"about":[{"href":"https:\/\/migracao.redenoticia.com.br\/noticia\/wp-json\/wp\/v2\/types\/post"}],"author":[{"embeddable":true,"href":"https:\/\/migracao.redenoticia.com.br\/noticia\/wp-json\/wp\/v2\/users\/4"}],"replies":[{"embeddable":true,"href":"https:\/\/migracao.redenoticia.com.br\/noticia\/wp-json\/wp\/v2\/comments?post=121876"}],"version-history":[{"count":0,"href":"https:\/\/migracao.redenoticia.com.br\/noticia\/wp-json\/wp\/v2\/posts\/121876\/revisions"}],"wp:featuredmedia":[{"embeddable":true,"href":"https:\/\/migracao.redenoticia.com.br\/noticia\/wp-json\/wp\/v2\/media\/49690"}],"wp:attachment":[{"href":"https:\/\/migracao.redenoticia.com.br\/noticia\/wp-json\/wp\/v2\/media?parent=121876"}],"wp:term":[{"taxonomy":"category","embeddable":true,"href":"https:\/\/migracao.redenoticia.com.br\/noticia\/wp-json\/wp\/v2\/categories?post=121876"},{"taxonomy":"post_tag","embeddable":true,"href":"https:\/\/migracao.redenoticia.com.br\/noticia\/wp-json\/wp\/v2\/tags?post=121876"}],"curies":[{"name":"wp","href":"https:\/\/api.w.org\/{rel}","templated":true}]}}