{"id":121885,"date":"2017-09-23T16:43:07","date_gmt":"2017-09-23T19:43:07","guid":{"rendered":"https:\/\/www.redenoticia.com.br\/noticia\/?p=121885"},"modified":"2017-09-22T16:43:51","modified_gmt":"2017-09-22T19:43:51","slug":"resumo-novela-pega-pega-2509-eric-questiona-athaide-sobre-o-acidente-de-mirella","status":"publish","type":"post","link":"https:\/\/migracao.redenoticia.com.br\/noticia\/2017\/resumo-novela-pega-pega-2509-eric-questiona-athaide-sobre-o-acidente-de-mirella\/121885","title":{"rendered":"Resumo novela \u201cPega Pega\u201d 25\/09: Eric questiona Atha\u00edde sobre o acidente de Mirella"},"content":{"rendered":"<p><img loading=\"lazy\" decoding=\"async\" class=\"alignleft size-thumbnail wp-image-114640\" src=\"https:\/\/migracao.redenoticia.com.br\/noticia\/imagens\/pega-pega-globo-novela-resumo-150x112.jpg\" alt=\"\" width=\"150\" height=\"112\" srcset=\"https:\/\/migracao.redenoticia.com.br\/noticia\/imagens\/pega-pega-globo-novela-resumo-150x112.jpg 150w, https:\/\/migracao.redenoticia.com.br\/noticia\/imagens\/pega-pega-globo-novela-resumo-265x198.jpg 265w\" sizes=\"auto, (max-width: 150px) 100vw, 150px\" \/><strong><em>Resumo novela \u201cPega Pega\u201d 25\/09<\/em><\/strong>: no cap\u00edtulo 096(*) da novela \u201cPega Pega\u201d, resumo de segunda-feira, 25 de setembro, Eric se surpreende ao saber que Louren\u00e7o foi namorado de Luiza. J\u00falio acusa Ant\u00f4nia de negar seu sentimento por ele. Sabine pede a Malagueta um levantamento das posses de Eric, e justifica que pretende comandar o escrit\u00f3rio do Brasil. Sandra Helena e Valqu\u00edria discutem. Eric questiona Atha\u00edde sobre suas lembran\u00e7as do acidente de Mirella. Malagueta sente ci\u00fames de Maria Pia ao encontr\u00e1-la com Louren\u00e7o. Wanderley pede a Sandra Helena que pague a fian\u00e7a de Agnaldo. J\u00falio pede C\u00edntia em namoro. R\u00f4mulo anuncia a J\u00falio e a outros gar\u00e7ons que ter\u00e1 que fechar o quiosque. Sergio avisa a Sandra que o juiz decidir\u00e1 sobre a heran\u00e7a. Malagueta revela a Maria Pia que existe uma forma de Sabine ter o controle de toda a sociedade e levar Eric \u00e0 fal\u00eancia.<\/p>\n<p>(*) edi\u00e7\u00e3o da Rede Globo, Novela \u201cPega Pega\u201d, sujeito a altera\u00e7\u00e3o de data e conte\u00fado.<\/p>\n<p>Pega Pega \u00e9 uma telenovela brasileira produzida pela Rede Globo, para o hor\u00e1rio das 19 horas. Ambientada no Rio de Janeiro, entre os bairros de Copacabana e Tijuca, Pega Pega tem como trama central o roubo ao Hotel Carioca Palace e seus desdobramentos na vida de cada um dos envolvidos, sejam eles h\u00f3spedes, suspeitos ou convidados do grande baile de gala. Assinando a autoria de uma novela pela primeira vez, Claudia Souto prop\u00f5e falar de \u00e9tica com bom humor, sob o ponto de vista de pessoas comuns.<\/p>\n","protected":false},"excerpt":{"rendered":"<p>Resumo novela \u201cPega Pega\u201d 25\/09: no cap\u00edtulo 096(*) da novela \u201cPega Pega\u201d, resumo de segunda-feira, 25 de setembro, Eric se surpreende ao saber que Louren\u00e7o foi namorado de Luiza. J\u00falio acusa Ant\u00f4nia de negar seu sentimento por ele. Sabine pede a Malagueta um levantamento das posses de Eric, e justifica que pretende comandar o escrit\u00f3rio [&hellip;]<\/p>\n","protected":false},"author":4,"featured_media":114640,"comment_status":"open","ping_status":"closed","sticky":false,"template":"","format":"standard","meta":{"tdm_status":"","tdm_grid_status":"","footnotes":""},"categories":[379,375,343],"tags":[441],"class_list":{"0":"post-121885","1":"post","2":"type-post","3":"status-publish","4":"format-standard","5":"has-post-thumbnail","7":"category-novelas","8":"category-rede-globo","9":"category-televisao","10":"tag-resumo-do-dia"},"_links":{"self":[{"href":"https:\/\/migracao.redenoticia.com.br\/noticia\/wp-json\/wp\/v2\/posts\/121885","targetHints":{"allow":["GET"]}}],"collection":[{"href":"https:\/\/migracao.redenoticia.com.br\/noticia\/wp-json\/wp\/v2\/posts"}],"about":[{"href":"https:\/\/migracao.redenoticia.com.br\/noticia\/wp-json\/wp\/v2\/types\/post"}],"author":[{"embeddable":true,"href":"https:\/\/migracao.redenoticia.com.br\/noticia\/wp-json\/wp\/v2\/users\/4"}],"replies":[{"embeddable":true,"href":"https:\/\/migracao.redenoticia.com.br\/noticia\/wp-json\/wp\/v2\/comments?post=121885"}],"version-history":[{"count":0,"href":"https:\/\/migracao.redenoticia.com.br\/noticia\/wp-json\/wp\/v2\/posts\/121885\/revisions"}],"wp:featuredmedia":[{"embeddable":true,"href":"https:\/\/migracao.redenoticia.com.br\/noticia\/wp-json\/wp\/v2\/media\/114640"}],"wp:attachment":[{"href":"https:\/\/migracao.redenoticia.com.br\/noticia\/wp-json\/wp\/v2\/media?parent=121885"}],"wp:term":[{"taxonomy":"category","embeddable":true,"href":"https:\/\/migracao.redenoticia.com.br\/noticia\/wp-json\/wp\/v2\/categories?post=121885"},{"taxonomy":"post_tag","embeddable":true,"href":"https:\/\/migracao.redenoticia.com.br\/noticia\/wp-json\/wp\/v2\/tags?post=121885"}],"curies":[{"name":"wp","href":"https:\/\/api.w.org\/{rel}","templated":true}]}}