{"id":121964,"date":"2017-09-25T00:05:20","date_gmt":"2017-09-25T03:05:20","guid":{"rendered":"https:\/\/www.redenoticia.com.br\/noticia\/?p=121964"},"modified":"2017-09-24T18:29:40","modified_gmt":"2017-09-24T21:29:40","slug":"pos-doutorado-em-nutricao-e-cancer-com-bolsa-da-fapesp","status":"publish","type":"post","link":"https:\/\/migracao.redenoticia.com.br\/noticia\/2017\/pos-doutorado-em-nutricao-e-cancer-com-bolsa-da-fapesp\/121964","title":{"rendered":"P\u00f3s-doutorado em Nutri\u00e7\u00e3o e C\u00e2ncer com Bolsa da FAPESP"},"content":{"rendered":"<p> Ag\u00eancia FAPESP\u00a0\u2013 H\u00e1 uma vaga de bolsa FAPESP de <strong><em>p\u00f3s-doutorado dispon\u00edvel no Laborat\u00f3rio de Nutri\u00e7\u00e3o e C\u00e2ncer<\/em><\/strong> do Instituto de Biologia da Unicamp. A vaga \u00e9 para o Projeto Tem\u00e1tico\u00a0, com prazo de inscri\u00e7\u00e3o at\u00e9 o dia 30 de setembro.<\/p>\n<p>Os trabalhos em curso no laborat\u00f3rio t\u00eam como objetivo principal a elucida\u00e7\u00e3o dos efeitos metab\u00f3licos e moleculares do desenvolvimento do estado caqu\u00e9tico em fun\u00e7\u00e3o do crescimento tumoral. O bolsista desenvolver\u00e1 mecanismos bioqu\u00edmicos e moleculares envolvidos no metabolismo proteico, de carboidratos e de lip\u00eddios do hospedeiro, utilizando tamb\u00e9m as ferramentas atuais de biologia molecular, metabol\u00f4mica e prote\u00f4mica.<\/p>\n<p>Al\u00e9m disso, o bolsista tamb\u00e9m ir\u00e1 estudar os mecanismos moleculares e bioqu\u00edmicos envolvidos no metabolismo proteico, de carboidratos e de lip\u00eddios em modelo\u00a0in vitro.<\/p>\n<p>O candidato dever\u00e1 demonstrar experi\u00eancia comprovada em: 1) experimenta\u00e7\u00e3o e manipula\u00e7\u00e3o de animais (ratos e camundongos); 2) cultura de c\u00e9lulas; 3) conhecimento e pr\u00e1tica em t\u00e9cnicas bioqu\u00edmicas e moleculares (PCR, Western Blot, histologia, analises bioqu\u00edmicas etc.); 4) capacidade de trabalhar em equipe.<\/p>\n<p>Para sele\u00e7\u00e3o, ser\u00e3o analisados o curr\u00edculo e a forma\u00e7\u00e3o acad\u00eamica direcionada para execu\u00e7\u00e3o do projeto de pesquisa. Numa segunda etapa, haver\u00e1 entrevista pessoal ou via Skype.<\/p>\n<p>As inscri\u00e7\u00f5es podem ser feitas pelo e-mail da professora supervisora,\u00a0Maria Cristina Cintra Gomes Marcondes(cintgoma@unicamp.br), ou pelo correio, no endere\u00e7o rua Monteiro Lobato, 255, Campinas, S\u00e3o Paulo, CEP 13083-862. Os documentos necess\u00e1rios para a inscri\u00e7\u00e3o s\u00e3o Curr\u00edculo Lattes, carta de inten\u00e7\u00e3o \u00e0 candidatura e experi\u00eancia na \u00e1rea referente ao tema do projeto de pesquisa, destacando qualifica\u00e7\u00f5es e habilidade principais, al\u00e9m de duas cartas de recomenda\u00e7\u00e3o de docentes da \u00e1rea com os quais o candidato j\u00e1 trabalhou.<\/p>\n<p>Mais informa\u00e7\u00f5es sobre a vaga dispon\u00edveis em\u00a0<\/p>\n<p>A vaga est\u00e1 aberta a brasileiros e estrangeiros. O selecionado receber\u00e1 Bolsa de P\u00f3s-Doutorado da FAPESP no valor de R$ 7.174,80 mensais e Reserva T\u00e9cnica. A Reserva T\u00e9cnica de Bolsa de PD equivale a 15% do valor anual da bolsa e tem o objetivo de atender a despesas imprevistas e diretamente relacionadas \u00e0 atividade de pesquisa.<\/p>\n<p>Caso o bolsista de PD resida em domic\u00edlio diferente e precise se mudar para a cidade onde se localiza a institui\u00e7\u00e3o-sede da pesquisa, poder\u00e1 ter direito a um Aux\u00edlio-Instala\u00e7\u00e3o. Mais informa\u00e7\u00f5es sobre a Bolsa de P\u00f3s-Doutorado da FAPESP est\u00e3o dispon\u00edveis em\u00a0.<\/p>\n<p>Outras vagas de bolsas, em diversas \u00e1reas do conhecimento, est\u00e3o no site FAPESP-Oportunidades, em\u00a0.<\/p>\n","protected":false},"excerpt":{"rendered":"<p>Ag\u00eancia FAPESP\u00a0\u2013 H\u00e1 uma vaga de bolsa FAPESP de p\u00f3s-doutorado dispon\u00edvel no Laborat\u00f3rio de Nutri\u00e7\u00e3o e C\u00e2ncer do Instituto de Biologia da Unicamp. A vaga \u00e9 para o Projeto Tem\u00e1tico\u00a0, com prazo de inscri\u00e7\u00e3o at\u00e9 o dia 30 de setembro. Os trabalhos em curso no laborat\u00f3rio t\u00eam como objetivo principal a elucida\u00e7\u00e3o dos efeitos metab\u00f3licos [&hellip;]<\/p>\n","protected":false},"author":2,"featured_media":35093,"comment_status":"open","ping_status":"closed","sticky":false,"template":"","format":"standard","meta":{"tdm_status":"","tdm_grid_status":"","footnotes":""},"categories":[22,370,353],"tags":[],"class_list":{"0":"post-121964","1":"post","2":"type-post","3":"status-publish","4":"format-standard","5":"has-post-thumbnail","7":"category-brasil","8":"category-inscricao","9":"category-oportunidades"},"_links":{"self":[{"href":"https:\/\/migracao.redenoticia.com.br\/noticia\/wp-json\/wp\/v2\/posts\/121964","targetHints":{"allow":["GET"]}}],"collection":[{"href":"https:\/\/migracao.redenoticia.com.br\/noticia\/wp-json\/wp\/v2\/posts"}],"about":[{"href":"https:\/\/migracao.redenoticia.com.br\/noticia\/wp-json\/wp\/v2\/types\/post"}],"author":[{"embeddable":true,"href":"https:\/\/migracao.redenoticia.com.br\/noticia\/wp-json\/wp\/v2\/users\/2"}],"replies":[{"embeddable":true,"href":"https:\/\/migracao.redenoticia.com.br\/noticia\/wp-json\/wp\/v2\/comments?post=121964"}],"version-history":[{"count":0,"href":"https:\/\/migracao.redenoticia.com.br\/noticia\/wp-json\/wp\/v2\/posts\/121964\/revisions"}],"wp:featuredmedia":[{"embeddable":true,"href":"https:\/\/migracao.redenoticia.com.br\/noticia\/wp-json\/wp\/v2\/media\/35093"}],"wp:attachment":[{"href":"https:\/\/migracao.redenoticia.com.br\/noticia\/wp-json\/wp\/v2\/media?parent=121964"}],"wp:term":[{"taxonomy":"category","embeddable":true,"href":"https:\/\/migracao.redenoticia.com.br\/noticia\/wp-json\/wp\/v2\/categories?post=121964"},{"taxonomy":"post_tag","embeddable":true,"href":"https:\/\/migracao.redenoticia.com.br\/noticia\/wp-json\/wp\/v2\/tags?post=121964"}],"curies":[{"name":"wp","href":"https:\/\/api.w.org\/{rel}","templated":true}]}}