{"id":121984,"date":"2017-09-25T16:42:45","date_gmt":"2017-09-25T19:42:45","guid":{"rendered":"https:\/\/www.redenoticia.com.br\/noticia\/?p=121984"},"modified":"2017-09-26T19:56:14","modified_gmt":"2017-09-26T22:56:14","slug":"novela-os-dez-mandamentos-resumo-2609-arao-se-recusa-a-encontrar-moises","status":"publish","type":"post","link":"https:\/\/migracao.redenoticia.com.br\/noticia\/2017\/novela-os-dez-mandamentos-resumo-2609-arao-se-recusa-a-encontrar-moises\/121984","title":{"rendered":"Novela \u201cOs Dez Mandamentos\u201d resumo 26\/09: Ar\u00e3o se recusa a encontrar Mois\u00e9s"},"content":{"rendered":"<p> <img loading=\"lazy\" decoding=\"async\" class=\"alignleft size-thumbnail wp-image-68037\" src=\"https:\/\/migracao.redenoticia.com.br\/noticia\/imagens\/resumo_novela_os_dez_mandamentos_record-150x112.jpg\" alt=\"\" width=\"150\" height=\"112\" srcset=\"https:\/\/migracao.redenoticia.com.br\/noticia\/imagens\/resumo_novela_os_dez_mandamentos_record-150x112.jpg 150w, https:\/\/migracao.redenoticia.com.br\/noticia\/imagens\/resumo_novela_os_dez_mandamentos_record-265x198.jpg 265w\" sizes=\"auto, (max-width: 150px) 100vw, 150px\" \/><em><strong>Novela \u201cOs Dez Mandamentos\u201d resumo 26\/09<\/strong><\/em>: no capitulo 046 (*) da novela \u201cOs Dez Mandamentos\u201d, ter\u00e7a-feira, 26 de setembro, Mois\u00e9s acorda feliz e disposto. Karoma percebe que Nefertari est\u00e1 angustiada. Yunet pergunta a Bezalel sobre sua m\u00e3e. Enquanto executa as tarefas na cozinha do rei, Gahiji nota que Leila est\u00e1 tensa. Acompanhado de Paser e Simut, Seti faz seu ritual matinal. Hur pergunta por que Uri est\u00e1 t\u00e3o sonolento. Bakenmut n\u00e3o se lembra de ter contado para Ikeni que se deitou com a rainha Tuya. Rams\u00e9s questiona onde Mois\u00e9s esteve na noite anterior. Miri\u00e3 conta para Anr\u00e3o e Joquebede que Ar\u00e3o se recusou a encontrar Mois\u00e9s. Ar\u00e3o diz para Eliseba que o mundo de Mois\u00e9s \u00e9 outro. Hur fica preocupado com descoberta de Mois\u00e9s. Judite acorda Apuki e se desentendem logo cedo. Mois\u00e9s confessa para Rams\u00e9s que descobriu o papiro com o decreto da morte dos beb\u00eas. Ar\u00e3o se recusa a falar sobre o irm\u00e3o com Anr\u00e3o. <\/p>\n<p>Mois\u00e9s diz para Rams\u00e9s que n\u00e3o pode abandonar os pais hebreus. Henutmire comenta com Yunet sobre o pesadelo que teve durante a noite. Miri\u00e3 e Abigail falam cobre Zelofeade. Nefertari n\u00e3o gosta da busca de Mois\u00e9s pela sua verdadeira fam\u00edlia e diz que seu lugar \u00e9 no pal\u00e1cio. Joquebede fica preocupada com as poss\u00edveis consequ\u00eancias da aproxima\u00e7\u00e3o de Mois\u00e9s. O pr\u00edncipe hebreu procura Leila na cozinha do pal\u00e1cio para agradec\u00ea-la pelo que fez. Desconfiado, Gahiji pressiona Leila para contar a verdade. <\/p>\n<p>Henutmire n\u00e3o entende o jeito frio como Mois\u00e9s lhe abra\u00e7ou. Nefertari se abre com Paser e conta que Mois\u00e9s descobriu sua verdadeira fam\u00edlia. Gahiji fica pasmo ao saber que Leila revelou a verdade para Mois\u00e9s. Apuki amea\u00e7a chicotear Eldade. Mois\u00e9s flagra o feitor surrando um homem e o pro\u00edbe de maltratar qualquer escravo a partir de agora. Nefertari pede ajuda a Rams\u00e9s para convencer o namorado a desistir de procurar a fam\u00edlia. Mois\u00e9s fica chocado com os maus tratos sofridos pelos hebreus.   <\/p>\n<p>(*) edi\u00e7\u00e3o da Rede Record, Novela \u201cOs Dez Mandamentos\u201d, sujeito a altera\u00e7\u00e3o de data e conte\u00fado.<\/p>\n<p>\u201cOs Dez Mandamentos\u201d \u00e9 uma telenovela brasileira produzida e exibida pela RecordTV, tendo sua primeira temporada exibida entre 23 de mar\u00e7o e 23 de novembro de 2015 em 176 cap\u00edtulos, substituindo Vit\u00f3ria, e sendo substitu\u00edda pela reprise de Rei Davi. A segunda temporada foi produzida pela Casablanca e exibida de 04 de abril a 04 de julho de 2016 em 66 cap\u00edtulos, substituindo a reprise de Sans\u00e3o e Dalila e sendo substitu\u00edda por A Terra Prometida.<\/p>\n","protected":false},"excerpt":{"rendered":"<p>Novela \u201cOs Dez Mandamentos\u201d resumo 26\/09: no capitulo 046 (*) da novela \u201cOs Dez Mandamentos\u201d, ter\u00e7a-feira, 26 de setembro, Mois\u00e9s acorda feliz e disposto. Karoma percebe que Nefertari est\u00e1 angustiada. Yunet pergunta a Bezalel sobre sua m\u00e3e. Enquanto executa as tarefas na cozinha do rei, Gahiji nota que Leila est\u00e1 tensa. Acompanhado de Paser e [&hellip;]<\/p>\n","protected":false},"author":2,"featured_media":68037,"comment_status":"open","ping_status":"closed","sticky":false,"template":"","format":"standard","meta":{"tdm_status":"","tdm_grid_status":"","footnotes":""},"categories":[379,424,371,343],"tags":[441],"class_list":{"0":"post-121984","1":"post","2":"type-post","3":"status-publish","4":"format-standard","5":"has-post-thumbnail","7":"category-novelas","8":"category-os-dez-mandamentos","9":"category-rede-record","10":"category-televisao","11":"tag-resumo-do-dia"},"_links":{"self":[{"href":"https:\/\/migracao.redenoticia.com.br\/noticia\/wp-json\/wp\/v2\/posts\/121984","targetHints":{"allow":["GET"]}}],"collection":[{"href":"https:\/\/migracao.redenoticia.com.br\/noticia\/wp-json\/wp\/v2\/posts"}],"about":[{"href":"https:\/\/migracao.redenoticia.com.br\/noticia\/wp-json\/wp\/v2\/types\/post"}],"author":[{"embeddable":true,"href":"https:\/\/migracao.redenoticia.com.br\/noticia\/wp-json\/wp\/v2\/users\/2"}],"replies":[{"embeddable":true,"href":"https:\/\/migracao.redenoticia.com.br\/noticia\/wp-json\/wp\/v2\/comments?post=121984"}],"version-history":[{"count":0,"href":"https:\/\/migracao.redenoticia.com.br\/noticia\/wp-json\/wp\/v2\/posts\/121984\/revisions"}],"wp:featuredmedia":[{"embeddable":true,"href":"https:\/\/migracao.redenoticia.com.br\/noticia\/wp-json\/wp\/v2\/media\/68037"}],"wp:attachment":[{"href":"https:\/\/migracao.redenoticia.com.br\/noticia\/wp-json\/wp\/v2\/media?parent=121984"}],"wp:term":[{"taxonomy":"category","embeddable":true,"href":"https:\/\/migracao.redenoticia.com.br\/noticia\/wp-json\/wp\/v2\/categories?post=121984"},{"taxonomy":"post_tag","embeddable":true,"href":"https:\/\/migracao.redenoticia.com.br\/noticia\/wp-json\/wp\/v2\/tags?post=121984"}],"curies":[{"name":"wp","href":"https:\/\/api.w.org\/{rel}","templated":true}]}}