{"id":122,"date":"2009-04-08T20:10:00","date_gmt":"2009-04-08T23:10:00","guid":{"rendered":"http:\/\/www.redenoticia.com.br\/noticia\/?p=122"},"modified":"2009-04-09T22:20:45","modified_gmt":"2009-04-10T01:20:45","slug":"secel-realiza-oficina-de-museus-em-ji-parana","status":"publish","type":"post","link":"https:\/\/migracao.redenoticia.com.br\/noticia\/2009\/secel-realiza-oficina-de-museus-em-ji-parana\/122","title":{"rendered":"Secel realiza oficina de museus em Ji-Paran\u00e1"},"content":{"rendered":"<p style=\"BACKGROUND: #f7f7f7; MARGIN: 0cm 0cm 0pt; LINE-HEIGHT: 13.5pt\">\u00a0<\/p>\n<p style=\"MARGIN: 0cm 0cm 0pt; LINE-HEIGHT: 10.5pt\">\u00a0<\/p>\n<p><img loading=\"lazy\" decoding=\"async\" class=\"alignleft\" src=\"http:\/\/farm4.static.flickr.com\/3596\/3425877042_828b1ecd9f_m.jpg\" alt=\"\" width=\"240\" height=\"180\" \/>Nos dias 14, 15 e 16 de abril o Governo do Estado, atrav\u00e9s da Secel &#8211; Secretaria de Cultura, Esportes e Lazer &#8211; far\u00e1 uma oficina sobre museus em Ji-Paran\u00e1.<\/p>\n<p style=\"MARGIN: 0cm 0cm 0pt\">\u00a0<\/p>\n<p style=\"MARGIN: 0cm 0cm 0pt\">&#8220;Queremos treinar esses profissionais e, assim, garantir que o acervo dos nossos museus seja preservado corretamente e que o atendimento ao p\u00fablico tamb\u00e9m melhore&#8221;, enfatiza Juc\u00e9lis Freitas, secret\u00e1rio da Secel.<\/p>\n<p style=\"LINE-HEIGHT: 10.5pt\">Com o tema &#8220;A\u00e7\u00e3o educativa em museus&#8221;, a capacita\u00e7\u00e3o \u00e9 uma parceria entre Governo do Estado, Funda\u00e7\u00e3o Cultural de Ji-Paran\u00e1 e Minist\u00e9rio da Cultura. Entre os t\u00f3picos que ser\u00e3o abordados no curso est\u00e3o: teoria e pr\u00e1tica da a\u00e7\u00e3o educativa em museus; museus, educa\u00e7\u00e3o e patrim\u00f4nio &#8211; desafios contempor\u00e2neos; antecedentes hist\u00f3ricos da rela\u00e7\u00e3o entre educa\u00e7\u00e3o e museu; a\u00e7\u00f5es educativas nos museus e correntes pedag\u00f3gicas; programas museus e escolas, museus e professores, museus e comunidades; os museus e o ensino das artes, dos of\u00edcios e das ci\u00eancias; museu, educa\u00e7\u00e3o e cidadania: o compromisso social.<\/p>\n<p style=\"LINE-HEIGHT: 10.5pt\">Ministrada pela mestre em educa\u00e7\u00e3o e integrante do grupo de pesquisa LEME &#8211; Laborat\u00f3rio de Estudos em Museus e Educa\u00e7\u00e3o, da Faculdade de Educa\u00e7\u00e3o de Minas Gerais (UFMG), Greciene Lopes dos Santos, a oficina ser\u00e1 realizada no audit\u00f3rio da Representa\u00e7\u00e3o de Ensino de Ji-Paran\u00e1 &#8211; REN, localizado \u00e0 Rua Seis de Maio n\u00ba 1722, Bairro Casa Preta.<\/p>\n<p style=\"LINE-HEIGHT: 10.5pt\">&#8220;Com essa oficina vamos estimular a comunidade do munic\u00edpio a criar seu Ponto de Mem\u00f3ria. A\u00e7\u00f5es como essa estimulam a auto-estima da popula\u00e7\u00e3o e a valoriza\u00e7\u00e3o da hist\u00f3ria de Rond\u00f4nia&#8221;, destaca Nazar\u00e9 Silva.<\/p>\n<p style=\"LINE-HEIGHT: 10.5pt\"><strong>Oficina A\u00e7\u00e3o Educativa em Museus<\/strong><br \/>\nInscri\u00e7\u00f5es: SECEL (69) 3216 7301 ou 9218 1398 &#8211; <a href=\"mailto:nazarefsilva@hotmail.com\">nazarefsilva@hotmail.com<br \/>\n<\/a> Funda\u00e7\u00e3o Cultural de Ji-Paran\u00e1 (69) 3423.7961 &#8211; <a href=\"mailto:jamedeirosneto@gmail.com\">jamedeirosneto@gmail.com<\/a><\/p>\n<p style=\"MARGIN: 0cm 0cm 0pt\">\u00a0<\/p>\n<p style=\"MARGIN: 0cm 0cm 0pt\"><strong>Fonte:<\/strong> A\/I SECEL &#8211; Secretaria da Cultura, Esportes e Lazer<\/p>\n<p style=\"MARGIN: 0cm 0cm 0pt\">\u00a0<\/p>\n<p style=\"MARGIN: 0cm 0cm 0pt\">Foto secelcapa e secel<\/p>\n","protected":false},"excerpt":{"rendered":"<p>\u00a0 \u00a0 Nos dias 14, 15 e 16 de abril o Governo do Estado, atrav\u00e9s da Secel &#8211; Secretaria de Cultura, Esportes e Lazer &#8211; far\u00e1 uma oficina sobre museus em Ji-Paran\u00e1. \u00a0 &#8220;Queremos treinar esses profissionais e, assim, garantir que o acervo dos nossos museus seja preservado corretamente e que o atendimento ao p\u00fablico [&hellip;]<\/p>\n","protected":false},"author":2,"featured_media":0,"comment_status":"open","ping_status":"open","sticky":false,"template":"","format":"standard","meta":{"tdm_status":"","tdm_grid_status":"","footnotes":""},"categories":[22],"tags":[],"class_list":{"0":"post-122","1":"post","2":"type-post","3":"status-publish","4":"format-standard","6":"category-brasil"},"_links":{"self":[{"href":"https:\/\/migracao.redenoticia.com.br\/noticia\/wp-json\/wp\/v2\/posts\/122","targetHints":{"allow":["GET"]}}],"collection":[{"href":"https:\/\/migracao.redenoticia.com.br\/noticia\/wp-json\/wp\/v2\/posts"}],"about":[{"href":"https:\/\/migracao.redenoticia.com.br\/noticia\/wp-json\/wp\/v2\/types\/post"}],"author":[{"embeddable":true,"href":"https:\/\/migracao.redenoticia.com.br\/noticia\/wp-json\/wp\/v2\/users\/2"}],"replies":[{"embeddable":true,"href":"https:\/\/migracao.redenoticia.com.br\/noticia\/wp-json\/wp\/v2\/comments?post=122"}],"version-history":[{"count":0,"href":"https:\/\/migracao.redenoticia.com.br\/noticia\/wp-json\/wp\/v2\/posts\/122\/revisions"}],"wp:attachment":[{"href":"https:\/\/migracao.redenoticia.com.br\/noticia\/wp-json\/wp\/v2\/media?parent=122"}],"wp:term":[{"taxonomy":"category","embeddable":true,"href":"https:\/\/migracao.redenoticia.com.br\/noticia\/wp-json\/wp\/v2\/categories?post=122"},{"taxonomy":"post_tag","embeddable":true,"href":"https:\/\/migracao.redenoticia.com.br\/noticia\/wp-json\/wp\/v2\/tags?post=122"}],"curies":[{"name":"wp","href":"https:\/\/api.w.org\/{rel}","templated":true}]}}