{"id":122039,"date":"2017-09-26T16:42:30","date_gmt":"2017-09-26T19:42:30","guid":{"rendered":"https:\/\/www.redenoticia.com.br\/noticia\/?p=122039"},"modified":"2017-09-27T20:03:55","modified_gmt":"2017-09-27T23:03:55","slug":"novela-os-dez-mandamentos-resumo-2709-yunet-ameaca-leila","status":"publish","type":"post","link":"https:\/\/migracao.redenoticia.com.br\/noticia\/2017\/novela-os-dez-mandamentos-resumo-2709-yunet-ameaca-leila\/122039","title":{"rendered":"Novela \u201cOs Dez Mandamentos\u201d resumo 27\/09: Joquebede aguarda pela volta do filho"},"content":{"rendered":"<p> <img loading=\"lazy\" decoding=\"async\" class=\"alignleft size-thumbnail wp-image-68037\" src=\"https:\/\/migracao.redenoticia.com.br\/noticia\/imagens\/resumo_novela_os_dez_mandamentos_record-150x112.jpg\" alt=\"\" width=\"150\" height=\"112\" srcset=\"https:\/\/migracao.redenoticia.com.br\/noticia\/imagens\/resumo_novela_os_dez_mandamentos_record-150x112.jpg 150w, https:\/\/migracao.redenoticia.com.br\/noticia\/imagens\/resumo_novela_os_dez_mandamentos_record-265x198.jpg 265w\" sizes=\"auto, (max-width: 150px) 100vw, 150px\" \/><em><strong>Novela \u201cOs Dez Mandamentos\u201d resumo 27\/09<\/strong><\/em>: no capitulo 047 (*) da novela \u201cOs Dez Mandamentos\u201d, quarta-feira, 27 de setembro, Paser pede para Disebeck ir at\u00e9 sua sala. Os sacerdote conta que Mois\u00e9s j\u00e1 sabe quem s\u00e3o seus verdadeiros pais e est\u00e1 revoltado com a condi\u00e7\u00e3o de seu povo. Miri\u00e3 fica orgulhosa ao saber que Mois\u00e9s protegeu Eldade. Uri pede para Mois\u00e9s n\u00e3o cham\u00e1-lo de volta \u00e0 vila dos hebreus. Apuki reclama com Panahasi sobre a forma como foi tratado pelo pr\u00edncipe. Anr\u00e3o briga com Ar\u00e3o e manda n\u00e3o falar mal de Mois\u00e9s. Disebek tenta convencer Mois\u00e9s a esquecer a ideia de procurar a fam\u00edlia hebreia, mas o pr\u00edncipe se mostra decidido a tomar uma atitude&#8230;.Mois\u00e9s conversa com Disebek e se mostra insatisfeito com os maus tratos sofridos pelos hebreus. Eldade fica chocado ao ouvir Abigail dizendo que Mois\u00e9s \u00e9 filho de Joquebede. Mois\u00e9s pergunta qual seria a atitude de Disebek caso ele resolvesse ajudar o povo hebreu. <\/p>\n<p>O general diz n\u00e3o ter resposta. Nefertari desabafa com Karoma dizendo que preferia que os verdadeiros pais de Mois\u00e9s tivessem morrido. Henutmire fica chocada ao descobrir que o filho soube de toda a verdade. Mois\u00e9s pede para Gahiji preparar uma cesta com comida para levar para a fam\u00edlia hebreia. Disebek diz para Henutmire que Nefertari n\u00e3o est\u00e1 apoiando Mois\u00e9s. Yunet amea\u00e7a Leila dizendo que Mois\u00e9s ser\u00e1 expulso do pal\u00e1cio. Nefertari n\u00e3o concorda com Mois\u00e9s e diz que se ele a ama, dever\u00e1 esquecer os hebreus. Henutmire pede ajuda a Rams\u00e9s para tentar fazer Mois\u00e9s mudar de ideia. Joquebede aguarda ansiosa pela volta do filho. <\/p>\n<p>Eldade comenta com Abigail que est\u00e1 feliz por ter sido defendido por Mois\u00e9s. Eliseba explica para Am\u00e1lia que Ar\u00e3o n\u00e3o acredita que Mois\u00e9s deixar\u00e1 o luxo do pal\u00e1cio por causa de uma fam\u00edlia de escravos. Rams\u00e9s tenta convencer Mois\u00e9s a n\u00e3o se envolver muito com os escravos, mas ele se mostra decidido. Nefertari conta para Henutmire que o namorado visitar\u00e1 novamente a fam\u00edlia hebreia. A filha do fara\u00f3 implora para Mois\u00e9s n\u00e3o castiga-la desta maneira. O pr\u00edncipe hebreu abra\u00e7a Henutmire e diz que precisa ir. Paser sugere a Disebeck que contem ao rei sobre a descoberta de Mois\u00e9s. Receoso, o general pede para o sacerdote n\u00e3o contar nada a Seti. Leila conta para Uri e Hur que Yunet a usou para contar toda a verdade a Mois\u00e9s. Yunet finge estar preocupada e revela \u00e0 Tuya que Mois\u00e9s j\u00e1 sabe de tudo. A rainha procura o fara\u00f3 e avisa que algo grave aconteceu. Henutmire pede a Disebeck para leva-la at\u00e9 Joquebede. Seti ordena que Bakenmut e Ikeni tragam Mois\u00e9s imediatamente. <\/p>\n<p>(*) edi\u00e7\u00e3o da Rede Record, Novela \u201cOs Dez Mandamentos\u201d, sujeito a altera\u00e7\u00e3o de data e conte\u00fado.<\/p>\n<p>\u201cOs Dez Mandamentos\u201d \u00e9 uma telenovela brasileira produzida e exibida pela RecordTV, tendo sua primeira temporada exibida entre 23 de mar\u00e7o e 23 de novembro de 2015 em 176 cap\u00edtulos, substituindo Vit\u00f3ria, e sendo substitu\u00edda pela reprise de Rei Davi. A segunda temporada foi produzida pela Casablanca e exibida de 04 de abril a 04 de julho de 2016 em 66 cap\u00edtulos, substituindo a reprise de Sans\u00e3o e Dalila e sendo substitu\u00edda por A Terra Prometida.<\/p>\n","protected":false},"excerpt":{"rendered":"<p>Novela \u201cOs Dez Mandamentos\u201d resumo 27\/09: no capitulo 047 (*) da novela \u201cOs Dez Mandamentos\u201d, quarta-feira, 27 de setembro, Paser pede para Disebeck ir at\u00e9 sua sala. Os sacerdote conta que Mois\u00e9s j\u00e1 sabe quem s\u00e3o seus verdadeiros pais e est\u00e1 revoltado com a condi\u00e7\u00e3o de seu povo. Miri\u00e3 fica orgulhosa ao saber que Mois\u00e9s [&hellip;]<\/p>\n","protected":false},"author":2,"featured_media":68037,"comment_status":"open","ping_status":"closed","sticky":false,"template":"","format":"standard","meta":{"tdm_status":"","tdm_grid_status":"","footnotes":""},"categories":[379,424,371,343],"tags":[441],"class_list":{"0":"post-122039","1":"post","2":"type-post","3":"status-publish","4":"format-standard","5":"has-post-thumbnail","7":"category-novelas","8":"category-os-dez-mandamentos","9":"category-rede-record","10":"category-televisao","11":"tag-resumo-do-dia"},"_links":{"self":[{"href":"https:\/\/migracao.redenoticia.com.br\/noticia\/wp-json\/wp\/v2\/posts\/122039","targetHints":{"allow":["GET"]}}],"collection":[{"href":"https:\/\/migracao.redenoticia.com.br\/noticia\/wp-json\/wp\/v2\/posts"}],"about":[{"href":"https:\/\/migracao.redenoticia.com.br\/noticia\/wp-json\/wp\/v2\/types\/post"}],"author":[{"embeddable":true,"href":"https:\/\/migracao.redenoticia.com.br\/noticia\/wp-json\/wp\/v2\/users\/2"}],"replies":[{"embeddable":true,"href":"https:\/\/migracao.redenoticia.com.br\/noticia\/wp-json\/wp\/v2\/comments?post=122039"}],"version-history":[{"count":0,"href":"https:\/\/migracao.redenoticia.com.br\/noticia\/wp-json\/wp\/v2\/posts\/122039\/revisions"}],"wp:featuredmedia":[{"embeddable":true,"href":"https:\/\/migracao.redenoticia.com.br\/noticia\/wp-json\/wp\/v2\/media\/68037"}],"wp:attachment":[{"href":"https:\/\/migracao.redenoticia.com.br\/noticia\/wp-json\/wp\/v2\/media?parent=122039"}],"wp:term":[{"taxonomy":"category","embeddable":true,"href":"https:\/\/migracao.redenoticia.com.br\/noticia\/wp-json\/wp\/v2\/categories?post=122039"},{"taxonomy":"post_tag","embeddable":true,"href":"https:\/\/migracao.redenoticia.com.br\/noticia\/wp-json\/wp\/v2\/tags?post=122039"}],"curies":[{"name":"wp","href":"https:\/\/api.w.org\/{rel}","templated":true}]}}