{"id":122061,"date":"2017-10-21T16:32:23","date_gmt":"2017-10-21T18:32:23","guid":{"rendered":"https:\/\/www.redenoticia.com.br\/noticia\/?p=122061"},"modified":"2017-10-21T18:59:50","modified_gmt":"2017-10-21T20:59:50","slug":"novela-o-outro-lado-do-paraiso-elenco-e-personagens","status":"publish","type":"post","link":"https:\/\/migracao.redenoticia.com.br\/noticia\/2017\/novela-o-outro-lado-do-paraiso-elenco-e-personagens\/122061","title":{"rendered":"Novela &#8220;O Outro Lado do Para\u00edso&#8221;: elenco e personagens"},"content":{"rendered":"<p><img loading=\"lazy\" decoding=\"async\" class=\"alignleft size-thumbnail wp-image-122062\" src=\"https:\/\/migracao.redenoticia.com.br\/noticia\/imagens\/o-outro-lado-do-paraiso-novela-globo-resumo-150x112.jpg\" alt=\"\" width=\"150\" height=\"112\" srcset=\"https:\/\/migracao.redenoticia.com.br\/noticia\/imagens\/o-outro-lado-do-paraiso-novela-globo-resumo-150x112.jpg 150w, https:\/\/migracao.redenoticia.com.br\/noticia\/imagens\/o-outro-lado-do-paraiso-novela-globo-resumo-265x198.jpg 265w\" sizes=\"auto, (max-width: 150px) 100vw, 150px\" \/><strong><em>Novela &#8220;O Outro Lado do Para\u00edso&#8221; elenco e personagens<\/em><\/strong>: a lei do retorno e a cren\u00e7a de que, mais cedo ou mais tarde, a justi\u00e7a chega para todos, s\u00e3o alguns dos temas abordados em &#8220;O Outro Lado do Para\u00edso&#8221;, pr\u00f3xima novela das 9, que tem previs\u00e3o de estreia para outubro. Escrita por Walcyr Carrasco, e com dire\u00e7\u00e3o art\u00edstica de Mauro Mendon\u00e7a Filho, a produ\u00e7\u00e3o vai trazer \u00e0 tona sentimentos como amor, ambi\u00e7\u00e3o e vingan\u00e7a em mais um folhetim cl\u00e1ssico.<\/p>\n<p>Confira a lista do elenco e personagens(*) de &#8220;O Outro Lado do Para\u00edso&#8221;:<\/p>\n<p> Bianca Bin \u2013 Clara. Simples e sem ter vivido muitos relacionamentos, a jovem professora do interior do Tocantins ter\u00e1 sua vida virada do avesso ao conhecer Gael.<\/p>\n<p>Sergio Guiz\u00e9 \u2013 Gael. Dono de um temperamento explosivo, ele ir\u00e1 se apaixonar por Clara e viver uma hist\u00f3ria de amor cheia de altos e baixos.<\/p>\n<p>Lima Duarte \u2013 Josaf\u00e1. Av\u00f4 de Clara \u00e9 um homem simples e r\u00fastico, dono de um bar de beira de estrada que sustenta a fam\u00edlia.<\/p>\n<p>Marieta Severo \u2013 Sophia. A grande vil\u00e3 da trama \u00e9 m\u00e3e de Gael, L\u00edvia e Estela, ela \u00e9 do tipo autorit\u00e1ria e n\u00e3o mede esfor\u00e7os para atingir seus objetivos. <\/p>\n<p>Grazi Massafera \u2013 L\u00edvia. Uma mulher de atitude, muito sedutora, que n\u00e3o medir\u00e1 esfor\u00e7os para conseguir o que deseja.<\/p>\n<p>Rafael Cardoso \u2013 Renato. M\u00e9dico que saiu do Rio de Janeiro para viver e exercer sua profiss\u00e3o em Tocantins. Assim que conhece Clara, se apaixona pela jovem, mas os dois v\u00e3o virar amigos e ele ir\u00e1 sofrer por conta desse sentimento.<\/p>\n<p>Fernanda Montenegro \u2013 Mercedes. Respeitada por todos, \u00e9 uma mulher m\u00edstica, rezadeira, que escuta vozes, e est\u00e1 sempre disposta a ajudar o pr\u00f3ximo com seus conselhos.<\/p>\n<p>Giovana Cordeiro \u2013 Cleo. Neta de Mercedes, a jovem \u00e9 inconformada com a vida simples que leva e, por isso, ter\u00e1 embates com a av\u00f3.<\/p>\n<p>Juliano Cazarr\u00e9 \u2013 Mariano. Um garimpeiro ambicioso. Ele viver\u00e1 um romance com a maior vil\u00e3 da novela, a poderosa Sophia.<\/p>\n<p>Gloria Pires \u2013 Elizabeth. Uma mulher apaixonada pela filha Adriana e pelo marido Henrique, ela ter\u00e1 uma grande reviravolta em sua vida por conta da persegui\u00e7\u00e3o de seu sogro Natanael.<\/p>\n<p>Em\u00edlio de Mello \u2013 Henrique. Apaixonado por sua mulher Elizabeth e sua filha Adriana. Tem o grande sonho de se tornar embaixador nos Estados Unidos.<\/p>\n<p>Juca de Oliveira \u2013 Natanael. De personalidade r\u00edgida e arrogante, ele nunca se conformou com o fato do filho Henrique ter se casado com Elizabeth por acreditar que ela jamais estar\u00e1 \u00e0 altura dele.<\/p>\n<p>B\u00e1rbara Paz \u2013 J\u00f4. Tida como a melhor amiga de Elizabeth, ela se tornar\u00e1 o bra\u00e7o direito de Natanael na miss\u00e3o de acabar com o casamento de Henrique e Elizabeth. <\/p>\n<p>Marcello Novaes &#8211; Renan. Empres\u00e1rio do ramo de roupas femininas, ele fecha um acordo com a amiga J\u00f4 para seduzir Elizabeth.<\/p>\n<p>Eliane Giardini \u2013 N\u00e1dia. Extrovertida e muito amiga de Sophia, ela \u00e9 m\u00e3e de Diego e Bruno. Ao longo da trama, ela vai se mostrar uma pessoa preconceituosa que far\u00e1 de tudo para acabar com o relacionamento do filho mais velho e Raquel. <\/p>\n<p>Arthur Aguiar \u2013 Diego. Sustentado pelos pais, ele vai fazer sucesso entre as mulheres da trama e ter\u00e1 fama de pegador.<\/p>\n<p>Caio Paduan \u2013 Bruno. Filho mais velho de N\u00e1dia. Vai se apaixonar por Raquel, mas para levar adiante o relacionamento ter\u00e1 que enfrentar o preconceito da m\u00e3e. <\/p>\n<p>Erika Januza \u2013 Raquel. Ela vive em um Quilombo no Jalap\u00e3o, no Tocantins, e seguindo o sonho se mudar para Palmas, onde come\u00e7a a trabalhar de dom\u00e9stica, se apaixona por Bruno. Para viver esse amor, ela ter\u00e1 que enfrentar grandes barreiras.<\/p>\n<p>Eriberto Le\u00e3o \u2013 Samuel. \u00c9 psiquiatra renomado leva uma vida dupla, por tr\u00e1s da apar\u00eancia austera e atitudes homof\u00f3bicas, ele esconde sua orienta\u00e7\u00e3o sexual e n\u00e3o se aceita como gay. <\/p>\n<p>Mayana Neiva &#8211; Leandra. \u00c9 prostituta de um bordel da fict\u00edcia cidade de Pedra Santa. Ela mexer\u00e1 com a imagina\u00e7\u00e3o dos homens do local. <\/p>\n<p>Fonte Wiki e Rede Globo &#8220;O Outro Lado do Para\u00edso&#8221;.<\/p>\n<p>TODOS OS PERSONAGENS<\/p>\n<p>BIANCA BIN<br \/>\nClara<\/p>\n<p>GLORIA PIRES<br \/>\nElizabeth<\/p>\n<p>MARIETA SEVERO<br \/>\nSophia<\/p>\n<p>ELLEN ROCCHE<br \/>\nSuzy<br \/>\nFL\u00c1VIO TOLEZANI<br \/>\nVin\u00edcius<\/p>\n<p>LAURA CARDOSO<br \/>\nCaetana<\/p>\n<p>ARTHUR AGUIAR<br \/>\nDiego<\/p>\n<p>JULIANA CALDAS<br \/>\nEstela<br \/>\nLUIS MELO<br \/>\nGustavo<\/p>\n<p>EM\u00cdLIO DE MELLO<br \/>\nHenrique<\/p>\n<p>EUCIR DE SOUZA<br \/>\nJonas<\/p>\n<p>MAYANA NEIVA<br \/>\nLeandra<br \/>\nGRAZI MASSAFERA<br \/>\nL\u00edvia<\/p>\n<p>JULIANO CAZARR\u00c9<br \/>\nMariano<\/p>\n<p>FERNANDA MONTENEGRO<br \/>\nMercedes<\/p>\n<p>FABIO LAGO<br \/>\nNic\u00e1cio<br \/>\nELIANE GIARDINI<br \/>\nN\u00e1dia<\/p>\n<p>MARCELLO NOVAES<br \/>\nRenan<\/p>\n<p>ERIBERTO LE\u00c3O<br \/>\nSamuel<\/p>\n<p>CAIO PADUAN<br \/>\nBruno<br \/>\nTAIN\u00c1 M\u00dcLLER<br \/>\nAura<\/p>\n<p>NATHALIA TIMBERG<br \/>\nBeatriz<\/p>\n<p>SERGIO GUIZ\u00c9<br \/>\nGael<\/p>\n<p>TELMA SOUZA<br \/>\nIvanilda<br \/>\nLIMA DUARTE<br \/>\nJosaf\u00e1<\/p>\n<p>B\u00c1RBARA PAZ<br \/>\nJ\u00f4<\/p>\n<p>SANDRA CORVELONI<br \/>\nLorena<\/p>\n<p>ZEZ\u00c9 MOTTA<br \/>\nM\u00e3e<br \/>\nJUCA DE OLIVEIRA<br \/>\nNatanael<\/p>\n<p>IGOR ANGELKORTE<br \/>\nRafael<\/p>\n<p>ERIKA JANUZA<br \/>\nRaquel<\/p>\n<p>CESAR FERRARIO<br \/>\nRato<br \/>\nRAFAEL CARDOSO<br \/>\nRenato<\/p>\n<p>VERA MANCINI<br \/>\nRosalinda<\/p>\n<p>S\u00c9RGIO FONTA<br \/>\nAmaral<\/p>\n","protected":false},"excerpt":{"rendered":"<p>Novela &#8220;O Outro Lado do Para\u00edso&#8221; elenco e personagens: a lei do retorno e a cren\u00e7a de que, mais cedo ou mais tarde, a justi\u00e7a chega para todos, s\u00e3o alguns dos temas abordados em &#8220;O Outro Lado do Para\u00edso&#8221;, pr\u00f3xima novela das 9, que tem previs\u00e3o de estreia para outubro. Escrita por Walcyr Carrasco, e [&hellip;]<\/p>\n","protected":false},"author":2,"featured_media":122062,"comment_status":"open","ping_status":"closed","sticky":false,"template":"","format":"standard","meta":{"tdm_status":"","tdm_grid_status":"","footnotes":""},"categories":[379,462,375,343],"tags":[440],"class_list":{"0":"post-122061","1":"post","2":"type-post","3":"status-publish","4":"format-standard","5":"has-post-thumbnail","7":"category-novelas","8":"category-o-outro-lado-do-paraiso","9":"category-rede-globo","10":"category-televisao","11":"tag-noticia-novela"},"_links":{"self":[{"href":"https:\/\/migracao.redenoticia.com.br\/noticia\/wp-json\/wp\/v2\/posts\/122061","targetHints":{"allow":["GET"]}}],"collection":[{"href":"https:\/\/migracao.redenoticia.com.br\/noticia\/wp-json\/wp\/v2\/posts"}],"about":[{"href":"https:\/\/migracao.redenoticia.com.br\/noticia\/wp-json\/wp\/v2\/types\/post"}],"author":[{"embeddable":true,"href":"https:\/\/migracao.redenoticia.com.br\/noticia\/wp-json\/wp\/v2\/users\/2"}],"replies":[{"embeddable":true,"href":"https:\/\/migracao.redenoticia.com.br\/noticia\/wp-json\/wp\/v2\/comments?post=122061"}],"version-history":[{"count":0,"href":"https:\/\/migracao.redenoticia.com.br\/noticia\/wp-json\/wp\/v2\/posts\/122061\/revisions"}],"wp:featuredmedia":[{"embeddable":true,"href":"https:\/\/migracao.redenoticia.com.br\/noticia\/wp-json\/wp\/v2\/media\/122062"}],"wp:attachment":[{"href":"https:\/\/migracao.redenoticia.com.br\/noticia\/wp-json\/wp\/v2\/media?parent=122061"}],"wp:term":[{"taxonomy":"category","embeddable":true,"href":"https:\/\/migracao.redenoticia.com.br\/noticia\/wp-json\/wp\/v2\/categories?post=122061"},{"taxonomy":"post_tag","embeddable":true,"href":"https:\/\/migracao.redenoticia.com.br\/noticia\/wp-json\/wp\/v2\/tags?post=122061"}],"curies":[{"name":"wp","href":"https:\/\/api.w.org\/{rel}","templated":true}]}}